{"id":3805,"date":"2011-01-25T10:04:54","date_gmt":"2011-01-25T09:04:54","guid":{"rendered":"http:\/\/inde-hahn.de\/?p=3805"},"modified":"2015-05-16T00:31:05","modified_gmt":"2015-05-15T22:31:05","slug":"grosse-ereignisse-werfen-ihre-schatten-voraus","status":"publish","type":"post","link":"https:\/\/indehahn.de\/?p=3805","title":{"rendered":"Gro\u00dfe EREIGNISSE werfen ihre Schatten voraus"},"content":{"rendered":"<p>Zum einen geht es um die 2. Aachener Hallenstadtmeisterschaft, die am kommenden Wochenende in der Sporthalle Neuk\u00f6llner Stra\u00dfe beginnt. Unsere Elf bestreitet ihre Vorrundenbegegnungen am ersten Spieltag, also am kommenden Samstag. N\u00e4here Infos zu diesem von Raspo Brand und unserem Verein organisierten Hallenfu\u00dfball-Event gibt es unter<br \/>\nwww.hallenmeisterschaft-aachen.de.<br \/>\nZum anderen geht es aber auch um die Auslosung der n\u00e4chsten Runde im FVM-Pokal, die nun terminiert wurde. Der FC Inde Hahn ist unter die letzten 8 Mannschaften des Fu\u00dfballverbands Mittelrhein eingezogen und dort als Bezirksligist mittlerweile der klassenniedrigste Verein. Leider gilt nicht wie in den vorangegangen Runden die Regel, dass die klassentiefere Mannschaft in jedem Fall Heimrecht hat. Somit ist man am 7. Februar auch ein wenig auf Gl\u00fccksg\u00f6ttin Fortuna angewiesen, denn ein weiteres Heimspiel gegen einen h\u00f6herklassigen Gegner w\u00e4re eine tolle Sache f\u00fcr unseren Verein. Die Auslosung wird ab 19 Uhr auf Center.TV \u00fcbertragen. Die Austragung des Viertelfinales ist dann f\u00fcr den 5. M\u00e4rz vorgesehen.<\/p>\n<div class=\"shariff\" data-title=\"Gro\u00dfe EREIGNISSE werfen ihre Schatten voraus\" data-info-url=\"http:\/\/ct.de\/-2467514\" data-backend-url=\"https:\/\/indehahn.de\/wp-content\/plugins\/shariff-sharing_UNUSED\/backend\/index.php\" data-temp=\"\/tmp\" data-ttl=\"60\" data-service=\"\" data-services='[\"facebook\",\"whatsapp\",\"mail\"]' data-image=\"\" data-url=\"https:\/\/indehahn.de\/?p=3805\" data-lang=\"de\" data-theme=\"color\" data-orientation=\"horizontal\"><\/div>","protected":false},"excerpt":{"rendered":"<p>Zum einen geht es um die 2. Aachener Hallenstadtmeisterschaft, die am kommenden Wochenende in der Sporthalle Neuk\u00f6llner Stra\u00dfe beginnt. Unsere Elf bestreitet ihre Vorrundenbegegnungen am ersten Spieltag, also am kommenden Samstag. N\u00e4here Infos zu&#46;&#46;&#46;<\/p>\n","protected":false},"author":2,"featured_media":0,"comment_status":"closed","ping_status":"closed","sticky":false,"template":"","format":"standard","meta":{"ngg_post_thumbnail":0,"footnotes":""},"categories":[11],"tags":[],"class_list":["post-3805","post","type-post","status-publish","format-standard","hentry","category-1-mannschaft"],"_links":{"self":[{"href":"https:\/\/indehahn.de\/index.php?rest_route=\/wp\/v2\/posts\/3805","targetHints":{"allow":["GET"]}}],"collection":[{"href":"https:\/\/indehahn.de\/index.php?rest_route=\/wp\/v2\/posts"}],"about":[{"href":"https:\/\/indehahn.de\/index.php?rest_route=\/wp\/v2\/types\/post"}],"author":[{"embeddable":true,"href":"https:\/\/indehahn.de\/index.php?rest_route=\/wp\/v2\/users\/2"}],"replies":[{"embeddable":true,"href":"https:\/\/indehahn.de\/index.php?rest_route=%2Fwp%2Fv2%2Fcomments&post=3805"}],"version-history":[{"count":1,"href":"https:\/\/indehahn.de\/index.php?rest_route=\/wp\/v2\/posts\/3805\/revisions"}],"predecessor-version":[{"id":3806,"href":"https:\/\/indehahn.de\/index.php?rest_route=\/wp\/v2\/posts\/3805\/revisions\/3806"}],"wp:attachment":[{"href":"https:\/\/indehahn.de\/index.php?rest_route=%2Fwp%2Fv2%2Fmedia&parent=3805"}],"wp:term":[{"taxonomy":"category","embeddable":true,"href":"https:\/\/indehahn.de\/index.php?rest_route=%2Fwp%2Fv2%2Fcategories&post=3805"},{"taxonomy":"post_tag","embeddable":true,"href":"https:\/\/indehahn.de\/index.php?rest_route=%2Fwp%2Fv2%2Ftags&post=3805"}],"curies":[{"name":"wp","href":"https:\/\/api.w.org\/{rel}","templated":true}]}}