{"id":3843,"date":"2010-11-20T10:28:20","date_gmt":"2010-11-20T09:28:20","guid":{"rendered":"http:\/\/inde-hahn.de\/?p=3843"},"modified":"2015-05-16T00:31:30","modified_gmt":"2015-05-15T22:31:30","slug":"e-junioren-verlieren-auch-rueckspiel-gegen-konzen-23","status":"publish","type":"post","link":"https:\/\/indehahn.de\/?p=3843","title":{"rendered":"E-JUNIOREN verlieren auch R\u00fcckspiel gegen Konzen 2:3"},"content":{"rendered":"<p>F\u00fcr das Spiel gegen den TV Konzen hatten sich unsere E-Junioren viel vorgenommen. Zum einen wollte man endlich den ersten Sieg in der Herbstrunde einfahren und zum anderen hatte man das Hinspiel selbst in Notbesetzung \u00fcberlegen gef\u00fchrt, aber ungl\u00fccklich mit 2:3 verloren. Zwar hatte Konzen zuletzt aufsteigende Form gezeigt, aber auch unser Team konnte in Wenau \u00fcberzeugen und Selbstvertrauen tanken.<br \/>\nIm Spiel war aber leider von den guten Vors\u00e4tzen nicht viel zu sehen. Mit vielen Fehlern bei Ballannahme und Passspiel, fehlender \u00dcbersicht und schwachem Zweikampfverhalten wurde der Gegner immer wieder in Ballbesitz gebracht und dann viel zu z\u00f6gerlich attackiert. Dass Konzen daraus lange kein Kapital schlagen konnte, war einerseits Fabio Kindel im Abwehrzentrum und Torh\u00fcter Nils Leister zu verdanken, die als einzige in der ersten Halbzeit voll bei der Sache waren. Andererseits zeigt dies auch, dass Konzen keine \u00dcbermannschaft war. Der abzusehende F\u00fchrungstreffer fiel nach etwa 15 Minuten, als sich ein Verteidiger auf den anderen verlie\u00df und der lachende Dritte aus Konzen kam und sich nicht lange bitten lie\u00df. Eine taktische Umstellung brachte dann etwas Sicherheit ins Hahner Spiel, so dass es bis zur Pause beim knappen R\u00fcckstand blieb.<br \/>\nNach einer etwas lauteren Pausenansprache zeigte die Mannschaft dann viel gr\u00f6\u00dfere Laufbereitschaft, stellte den Gegner fr\u00fcher und verlagerte das Spiel mehr in die gegnerische H\u00e4lfte. Allerdings wurde dann zu kompliziert oder zu eigensinnig agiert, so dass echte Torgefahr zun\u00e4chst ausblieb. Gut, dass in solchen Situationen auf Fabio Kindel Verlass ist, der einen gegnerischen Ballverlust zu einem Tempogegensto\u00df nutzte und mit einem satten Schuss aus spitzem Winkel den Ausgleich erzielte. Schlecht, dass schlagartig die Konzentration wieder nachlie\u00df, denn fast ohne Gegenwehr konnte Konzen im Gegenzug wieder in F\u00fchrung gehen. Allerdings war auch diese F\u00fchrung nicht von Dauer, denn mit einer weiteren Einzelaktion konnte Fabio Kindel f\u00fcr den erneuten Ausgleich sorgen. Jetzt folgte die beste Phase unserer Mannschaft und endlich waren auch mal schnelle Kombinationen zu sehen, bei denen die G\u00e4ste nicht gut aussahen. Leider hatte der in der zweiten Halbzeit deutlich verbesserte Paul Jacobi heute nicht das Gl\u00fcck des T\u00fcchtigen, denn er scheiterte einige Male nur knapp. Nun h\u00e4tte das Spiel auch unentschieden enden k\u00f6nnen, aber einige unserer Spieler konnten heute ihre Schlafm\u00fctzigkeit einfach nicht ablegen und erlaubten einem Konzener Spieler nach einem Einwurf (!), den Siegtreffer zum 2:3 zu erzielen.<br \/>\nTrainer Udo Kindel: &#8222;Abgesehen von der Partie gegen Rott war das f\u00fcr mich heute die schlechteste Mannschaftsleistung in dieser Saison, denn von den eingesetzten 10 Spielern haben nur zwei Normalform gebracht. Bei den \u00fcbrigen hatte ich teilweise den Eindruck, als h\u00e4tten sie die halbe Nacht nicht geschlafen. So unkonzentriert kann man in dieser Staffel nicht bestehen. Gegen einen offensiv st\u00e4rkeren Gegner h\u00e4tte das heute b\u00f6se enden k\u00f6nnen. Der erwartet uns im letzten Saisonspiel am kommenden Dienstag beim SV Rott. Dann haben die Jungs die letzte Gelegenheit in dieser Runde, 3 Punkte einzufahren. Allerdings wird die Aufgabe dort um ein einiges schwerer sein! Ich hoffe sehr, dass sich die Jungs daran erinnern, dass es gegen Rott noch etwas gutzumachen gibt. Das Hinspiel endete n\u00e4mlich mit 3:11.&#8220;<\/p>\n<div class=\"shariff\" data-title=\"E-JUNIOREN verlieren auch R\u00fcckspiel gegen Konzen 2:3\" data-info-url=\"http:\/\/ct.de\/-2467514\" data-backend-url=\"https:\/\/indehahn.de\/wp-content\/plugins\/shariff-sharing_UNUSED\/backend\/index.php\" data-temp=\"\/tmp\" data-ttl=\"60\" data-service=\"\" data-services='[\"facebook\",\"whatsapp\",\"mail\"]' data-image=\"\" data-url=\"https:\/\/indehahn.de\/?p=3843\" data-lang=\"de\" data-theme=\"color\" data-orientation=\"horizontal\"><\/div>","protected":false},"excerpt":{"rendered":"<p>F\u00fcr das Spiel gegen den TV Konzen hatten sich unsere E-Junioren viel vorgenommen. Zum einen wollte man endlich den ersten Sieg in der Herbstrunde einfahren und zum anderen hatte man das Hinspiel selbst in&#46;&#46;&#46;<\/p>\n","protected":false},"author":2,"featured_media":0,"comment_status":"closed","ping_status":"closed","sticky":false,"template":"","format":"standard","meta":{"ngg_post_thumbnail":0,"footnotes":""},"categories":[3],"tags":[],"class_list":["post-3843","post","type-post","status-publish","format-standard","hentry","category-fussball-junioren"],"_links":{"self":[{"href":"https:\/\/indehahn.de\/index.php?rest_route=\/wp\/v2\/posts\/3843","targetHints":{"allow":["GET"]}}],"collection":[{"href":"https:\/\/indehahn.de\/index.php?rest_route=\/wp\/v2\/posts"}],"about":[{"href":"https:\/\/indehahn.de\/index.php?rest_route=\/wp\/v2\/types\/post"}],"author":[{"embeddable":true,"href":"https:\/\/indehahn.de\/index.php?rest_route=\/wp\/v2\/users\/2"}],"replies":[{"embeddable":true,"href":"https:\/\/indehahn.de\/index.php?rest_route=%2Fwp%2Fv2%2Fcomments&post=3843"}],"version-history":[{"count":1,"href":"https:\/\/indehahn.de\/index.php?rest_route=\/wp\/v2\/posts\/3843\/revisions"}],"predecessor-version":[{"id":3844,"href":"https:\/\/indehahn.de\/index.php?rest_route=\/wp\/v2\/posts\/3843\/revisions\/3844"}],"wp:attachment":[{"href":"https:\/\/indehahn.de\/index.php?rest_route=%2Fwp%2Fv2%2Fmedia&parent=3843"}],"wp:term":[{"taxonomy":"category","embeddable":true,"href":"https:\/\/indehahn.de\/index.php?rest_route=%2Fwp%2Fv2%2Fcategories&post=3843"},{"taxonomy":"post_tag","embeddable":true,"href":"https:\/\/indehahn.de\/index.php?rest_route=%2Fwp%2Fv2%2Ftags&post=3843"}],"curies":[{"name":"wp","href":"https:\/\/api.w.org\/{rel}","templated":true}]}}