{"id":3897,"date":"2010-10-24T11:18:58","date_gmt":"2010-10-24T09:18:58","guid":{"rendered":"http:\/\/inde-hahn.de\/?p=3897"},"modified":"2015-05-16T00:31:31","modified_gmt":"2015-05-15T22:31:31","slug":"auswaertssieg-auswaertssieg","status":"publish","type":"post","link":"https:\/\/indehahn.de\/?p=3897","title":{"rendered":"Ausw\u00e4rtssieg! Ausw\u00e4rtssieg!"},"content":{"rendered":"<p>So oder \u00e4hnlich h\u00e4tte es am gestrigen Abend von den R\u00e4ngen geschallt, wenn diese denn auch mit Zuschauern gef\u00fcllt gewesen w\u00e4ren. So blieb es leider bei teils fragw\u00fcrdigen Kommentaren der wenigen mitgereisten Hahner Zuschauer, die teilweise nicht hilfreich waren. Vielleicht sollte sich auch der Anhang mal ein wenig Disziplin auferlegen &#8211; so wie das die Spieler ebenfalls tun. Doch zum Spiel: schon in der 2. Spielminute wurde die Mannschaft belohnt, die sich sofort nach Spielbeginn sichtlich um die Regie bem\u00fchte und das war das Ausw\u00e4rtsteam vom FC Inde Hahn. Denis Kalic legte uneigenn\u00fctzig auf Eric Rader, der sich den Ball zun\u00e4chst noch zurechtlegte, doch dann zur 1:0-F\u00fchrung einschieben konnte. Der Gastgeber Frechen 20 zeigte sich fortan etwas geschockt, doch daraus konnte Hahn kein weiteres Kapital schlagen. Zu beh\u00e4big war der Spielaufbau und die sehr gro\u00dfe Abst\u00e4nde im Defensivverbund gepaart mit einem Gegner, der sich mit den sich bietenden R\u00e4umen anfreunden konnte, f\u00fchrten zu einem Frechener \u00dcbergewicht. Als man auf den Ballf\u00fchrenden zu wenig Druck aus\u00fcben konnte &#8211; die Abst\u00e4nde blieben einfach zu gro\u00df &#8211; konnte dieser seinen St\u00fcrmer nach Stellungsfehler in der Hahner Innerverteidiger in Szene setzen und schon stand es nach 25 Minuten 1:1. Dabei blieb es bis zur Pause.<br \/>\nNun war zumindest den Zuschauern, die sich noch an das schwere Spiel vor nicht einmal 48 Stunden gegen den FC Rurdorf erinnern konnten, klar, dass es in H\u00e4lfte 2 sicherlich ein schwerer und kr\u00e4ftezehrender Gang werden w\u00fcrde. Doch unser Team kam gut in die zweite H\u00e4lfte: gewonnene Zweik\u00e4mpfe im Mittelfeld und abgeschlossene Angriffe im Sturmzentrum waren Zeichen daf\u00fcr. Der n\u00e4chste Nackenschlag lie\u00df allerdings nicht lange auf sich warten, denn die Spielleiterin zeigte Pascal Moersch in kurzer Zeit zwei &#8211; der Regel nach absolut vertretbare, wenn auch sehr streng ausgelegte &#8211; gelbe Karten, so dass die Laufwege f\u00fcr die verbleibenden 9 Hahner Feldspieler auf dem gro\u00dfen Frechener Platz nun noch l\u00e4nger werden sollten. Doch auch wenn zu diesem Zeitpunkt kaum jemand daran geglaubt hatte &#8211; Eric Rader setzt sich durch, legte diesmal f\u00fcr Denis Kalic auf, der in Unterzahl die erneute Hahner F\u00fchrung erzielte. Frechen fand im weiteren Spielverlauf nicht die richtigen L\u00f6sungsm\u00f6glichkeiten, um die Hahner Defensive in Gefahr zu bringen. Auswechslungen bzw. taktische Umstellungen verliehen dem Hahner Spiel Kompaktheit, die im gesamten Spielverlauf nicht immer zu sehen war, am Ende aber immer mitentscheidend war.<br \/>\nTrainer Oliver Heinrichs: &#8222;Nach dem Donnerstagsspiel war das heute eine hohe H\u00fcrde. Frechen hatte bislang noch kein Heimspiel verloren und sogar dem Titelkandidaten aus Vichttal einen Punkt abgekn\u00f6pft oder gar deren drei in Geyen f\u00fcr sich verbucht. So war das heute schon ein toller Erfolg, auf dem sich nun weiter aufbauen l\u00e4sst. Einmal mehr hat man sehen k\u00f6nnen, dass solche Erfolge mit einer guten Mannschaftsleistung m\u00f6glich sind.&#8220;<\/p>\n<div class=\"shariff\" data-title=\"Ausw\u00e4rtssieg! Ausw\u00e4rtssieg!\" data-info-url=\"http:\/\/ct.de\/-2467514\" data-backend-url=\"https:\/\/indehahn.de\/wp-content\/plugins\/shariff-sharing_UNUSED\/backend\/index.php\" data-temp=\"\/tmp\" data-ttl=\"60\" data-service=\"\" data-services='[\"facebook\",\"whatsapp\",\"mail\"]' data-image=\"\" data-url=\"https:\/\/indehahn.de\/?p=3897\" data-lang=\"de\" data-theme=\"color\" data-orientation=\"horizontal\"><\/div>","protected":false},"excerpt":{"rendered":"<p>So oder \u00e4hnlich h\u00e4tte es am gestrigen Abend von den R\u00e4ngen geschallt, wenn diese denn auch mit Zuschauern gef\u00fcllt gewesen w\u00e4ren. So blieb es leider bei teils fragw\u00fcrdigen Kommentaren der wenigen mitgereisten Hahner Zuschauer,&#46;&#46;&#46;<\/p>\n","protected":false},"author":2,"featured_media":0,"comment_status":"closed","ping_status":"closed","sticky":false,"template":"","format":"standard","meta":{"ngg_post_thumbnail":0,"footnotes":""},"categories":[11],"tags":[],"class_list":["post-3897","post","type-post","status-publish","format-standard","hentry","category-1-mannschaft"],"_links":{"self":[{"href":"https:\/\/indehahn.de\/index.php?rest_route=\/wp\/v2\/posts\/3897","targetHints":{"allow":["GET"]}}],"collection":[{"href":"https:\/\/indehahn.de\/index.php?rest_route=\/wp\/v2\/posts"}],"about":[{"href":"https:\/\/indehahn.de\/index.php?rest_route=\/wp\/v2\/types\/post"}],"author":[{"embeddable":true,"href":"https:\/\/indehahn.de\/index.php?rest_route=\/wp\/v2\/users\/2"}],"replies":[{"embeddable":true,"href":"https:\/\/indehahn.de\/index.php?rest_route=%2Fwp%2Fv2%2Fcomments&post=3897"}],"version-history":[{"count":1,"href":"https:\/\/indehahn.de\/index.php?rest_route=\/wp\/v2\/posts\/3897\/revisions"}],"predecessor-version":[{"id":3898,"href":"https:\/\/indehahn.de\/index.php?rest_route=\/wp\/v2\/posts\/3897\/revisions\/3898"}],"wp:attachment":[{"href":"https:\/\/indehahn.de\/index.php?rest_route=%2Fwp%2Fv2%2Fmedia&parent=3897"}],"wp:term":[{"taxonomy":"category","embeddable":true,"href":"https:\/\/indehahn.de\/index.php?rest_route=%2Fwp%2Fv2%2Fcategories&post=3897"},{"taxonomy":"post_tag","embeddable":true,"href":"https:\/\/indehahn.de\/index.php?rest_route=%2Fwp%2Fv2%2Ftags&post=3897"}],"curies":[{"name":"wp","href":"https:\/\/api.w.org\/{rel}","templated":true}]}}