{"id":4061,"date":"2011-05-12T15:16:16","date_gmt":"2011-05-12T13:16:16","guid":{"rendered":"http:\/\/inde-hahn.de\/?p=4061"},"modified":"2015-05-16T12:20:11","modified_gmt":"2015-05-16T10:20:11","slug":"zweite-muss-heimniederlage-gegen-breinig-hinnehmen","status":"publish","type":"post","link":"https:\/\/indehahn.de\/?p=4061","title":{"rendered":"ZWEITE muss Heimniederlage gegen Breinig hinnehmen"},"content":{"rendered":"<p><a href=\"http:\/\/indehahn.de\/wp-content\/uploads\/2011\/05\/ZweiteGegenBreinig-5.jpg\" data-rel=\"lightbox-image-0\" data-rl_title=\"\" data-rl_caption=\"\" title=\"\"><img loading=\"lazy\" decoding=\"async\" src=\"http:\/\/indehahn.de\/wp-content\/uploads\/2011\/05\/ZweiteGegenBreinig-5.jpg\" alt=\"ZweiteGegenBreinig-5\" width=\"473\" height=\"350\" class=\"alignnone size-full wp-image-6467\" srcset=\"https:\/\/indehahn.de\/wp-content\/uploads\/2011\/05\/ZweiteGegenBreinig-5.jpg 473w, https:\/\/indehahn.de\/wp-content\/uploads\/2011\/05\/ZweiteGegenBreinig-5-300x222.jpg 300w, https:\/\/indehahn.de\/wp-content\/uploads\/2011\/05\/ZweiteGegenBreinig-5-200x148.jpg 200w\" sizes=\"auto, (max-width: 473px) 100vw, 473px\" \/><\/a><\/p>\n<p>Am heutigen Donnerstag empfing unsere 2. Mannschaft den Tabellenachten und Ortsnachbarn aus Breinig, gegen den man sich im Vorfeld durchaus etwas ausgerechnet hatte. Leider blieb es bei der Hoffnung, denn am Ende entf\u00fchrte der Gast mit einem 4:2-Sieg alle drei Punkte aus Hahn. Unser Team konnte die Ausgangslage im Kampf gegen den Abstieg also nicht verbessern. Am Sonntag kommt es in H\u00f6fen zum immens wichtigen Duell mit dem Drittletzten der Tabelle &#8211; ein Ausw\u00e4rtssieg k\u00f6nnte dann eine Vorentscheidung zugunsten unserer Mannschaft bringen.<\/p>\n<p><a href=\"http:\/\/galerie.indehahn.de\/FussballSenioren\/2010-2011\/ZweiteGegenBreinig\" target=\"_blank\">FOTOS<\/a><\/p>\n<div class=\"shariff\" data-title=\"ZWEITE muss Heimniederlage gegen Breinig hinnehmen\" data-info-url=\"http:\/\/ct.de\/-2467514\" data-backend-url=\"https:\/\/indehahn.de\/wp-content\/plugins\/shariff-sharing_UNUSED\/backend\/index.php\" data-temp=\"\/tmp\" data-ttl=\"60\" data-service=\"\" data-services='[\"facebook\",\"whatsapp\",\"mail\"]' data-image=\"http:\/\/indehahn.de\/wp-content\/uploads\/2011\/05\/ZweiteGegenBreinig-5.jpg\" data-url=\"https:\/\/indehahn.de\/?p=4061\" data-lang=\"de\" data-theme=\"color\" data-orientation=\"horizontal\"><\/div>","protected":false},"excerpt":{"rendered":"<p>Am heutigen Donnerstag empfing unsere 2. Mannschaft den Tabellenachten und Ortsnachbarn aus Breinig, gegen den man sich im Vorfeld durchaus etwas ausgerechnet hatte. Leider blieb es bei der Hoffnung, denn am Ende entf\u00fchrte der&#46;&#46;&#46;<\/p>\n","protected":false},"author":2,"featured_media":0,"comment_status":"closed","ping_status":"closed","sticky":false,"template":"","format":"standard","meta":{"ngg_post_thumbnail":0,"footnotes":""},"categories":[12],"tags":[],"class_list":["post-4061","post","type-post","status-publish","format-standard","hentry","category-2-mannschaft"],"_links":{"self":[{"href":"https:\/\/indehahn.de\/index.php?rest_route=\/wp\/v2\/posts\/4061","targetHints":{"allow":["GET"]}}],"collection":[{"href":"https:\/\/indehahn.de\/index.php?rest_route=\/wp\/v2\/posts"}],"about":[{"href":"https:\/\/indehahn.de\/index.php?rest_route=\/wp\/v2\/types\/post"}],"author":[{"embeddable":true,"href":"https:\/\/indehahn.de\/index.php?rest_route=\/wp\/v2\/users\/2"}],"replies":[{"embeddable":true,"href":"https:\/\/indehahn.de\/index.php?rest_route=%2Fwp%2Fv2%2Fcomments&post=4061"}],"version-history":[{"count":3,"href":"https:\/\/indehahn.de\/index.php?rest_route=\/wp\/v2\/posts\/4061\/revisions"}],"predecessor-version":[{"id":6469,"href":"https:\/\/indehahn.de\/index.php?rest_route=\/wp\/v2\/posts\/4061\/revisions\/6469"}],"wp:attachment":[{"href":"https:\/\/indehahn.de\/index.php?rest_route=%2Fwp%2Fv2%2Fmedia&parent=4061"}],"wp:term":[{"taxonomy":"category","embeddable":true,"href":"https:\/\/indehahn.de\/index.php?rest_route=%2Fwp%2Fv2%2Fcategories&post=4061"},{"taxonomy":"post_tag","embeddable":true,"href":"https:\/\/indehahn.de\/index.php?rest_route=%2Fwp%2Fv2%2Ftags&post=4061"}],"curies":[{"name":"wp","href":"https:\/\/api.w.org\/{rel}","templated":true}]}}