{"id":408,"date":"2003-02-16T01:00:39","date_gmt":"2003-02-16T01:00:39","guid":{"rendered":"http:\/\/inde-hahn.de\/?p=408"},"modified":"2015-05-16T00:34:33","modified_gmt":"2015-05-15T22:34:33","slug":"erste-mit-verdientem-punktgewinn-beim-tabellenfuehrer-gw-lichtenbusch","status":"publish","type":"post","link":"https:\/\/indehahn.de\/?p=408","title":{"rendered":"Erste mit verdientem Punktgewinn beim Tabellenf\u00fchrer GW Lichtenbusch"},"content":{"rendered":"<p>Auf dem erstaulich gut bespielbaren Platz in Lichtenbusch konnte unsere 1. Mannschaft dem Spitzenreiter ein verdientes 2:2 abtrotzen. Dies ist besonders erfreulich, wenn man sich die Randbedingungen vor Augen f\u00fchrt. Die Vorbereitung auf die zweite Saisonh\u00e4lfte war miserabel und bestand im Wesentlichen aus ein paar Hallenspielen.<br \/>\nUngl\u00fccklicherweise zog sich dann auch noch unser Torwart Dirk Killius beim gemeinsamen Skiurlaub in der letzten Woche einen Kreuzbandriss zu und f\u00e4llt f\u00fcr den Rest der Saison aus. Von dieser Stelle viel Gl\u00fcck und gute Besserung !!!<br \/>\nNetterweise lie\u00df sich Werner Kutsch &#8211; ansonsten Torh\u00fcter unserer 2. Mannschaft &#8211; nicht lange bitten, sprang in die Bresche und machte ein ordentliches Spiel.<br \/>\nZum Spielverlauf: Von Beginn an hellwach konnte unsere Mannschaft bereits in der 2. Minute nach einem Abwehrfehler der Lichtenbuscher durch ein Tor von Uwe Maa\u00dfen in F\u00fchrung gehen. Trotz Feld\u00fcberlegenheit des Gastgebers blieb es bis zur Pause dabei. Unser Team war aber jederzeit mit Kontern gef\u00e4hrlich &#8211; bei einem dieser Angriffe traf Marco Heck in der 10. Spielminute nur den Pfosten.<br \/>\nLeider kamen unsere Jungs zu Beginn der 2. H\u00e4lfte nicht so schnell auf Touren wie zu Spielbeginn und so konnte Lichtenbusch schon in den ersten Minuten durch 2 Tore das Blatt wenden. Unsere Mannschaft lie\u00df sich aber nicht entmutigen und wurden in der Folgezeit gegen die etwas konfus aufspielenden Lichtenbuscher spielbestimmend. So kam der 2:2-Ausgleich durch einen abgef\u00e4lschten Freisto\u00df von Bernd Wesemann nicht mehr \u00fcberraschend und auch Chancen zum Siegtreffer waren noch vorhanden. In der Schlussphase versagte uns der ansonsten sicher leitende Schiedsrichter einen klaren Handelfmeter.<br \/>\nAlles in allem ein guter Auftakt ins neue Jahr, der noch einige positive Leistungen und den Verbleib unseres Teams in den oberen Tabellenregionen erwarten l\u00e4sst.<br \/>\nBeim ersten Heimspiel des Jahres am n\u00e4chsten Sonntag um 15:00 Uhr gegen die Zweitvertretung vom TV Konzen soll der gute Eindruck von heute best\u00e4tigt werden.<\/p>\n<div class=\"shariff\" data-title=\"Erste mit verdientem Punktgewinn beim Tabellenf\u00fchrer GW Lichtenbusch\" data-info-url=\"http:\/\/ct.de\/-2467514\" data-backend-url=\"https:\/\/indehahn.de\/wp-content\/plugins\/shariff-sharing_UNUSED\/backend\/index.php\" data-temp=\"\/tmp\" data-ttl=\"60\" data-service=\"\" data-services='[\"facebook\",\"whatsapp\",\"mail\"]' data-image=\"\" data-url=\"https:\/\/indehahn.de\/?p=408\" data-lang=\"de\" data-theme=\"color\" data-orientation=\"horizontal\"><\/div>","protected":false},"excerpt":{"rendered":"<p>Auf dem erstaulich gut bespielbaren Platz in Lichtenbusch konnte unsere 1. Mannschaft dem Spitzenreiter ein verdientes 2:2 abtrotzen. Dies ist besonders erfreulich, wenn man sich die Randbedingungen vor Augen f\u00fchrt. Die Vorbereitung auf die&#46;&#46;&#46;<\/p>\n","protected":false},"author":2,"featured_media":0,"comment_status":"closed","ping_status":"closed","sticky":false,"template":"","format":"standard","meta":{"ngg_post_thumbnail":0,"footnotes":""},"categories":[11],"tags":[],"class_list":["post-408","post","type-post","status-publish","format-standard","hentry","category-1-mannschaft"],"_links":{"self":[{"href":"https:\/\/indehahn.de\/index.php?rest_route=\/wp\/v2\/posts\/408","targetHints":{"allow":["GET"]}}],"collection":[{"href":"https:\/\/indehahn.de\/index.php?rest_route=\/wp\/v2\/posts"}],"about":[{"href":"https:\/\/indehahn.de\/index.php?rest_route=\/wp\/v2\/types\/post"}],"author":[{"embeddable":true,"href":"https:\/\/indehahn.de\/index.php?rest_route=\/wp\/v2\/users\/2"}],"replies":[{"embeddable":true,"href":"https:\/\/indehahn.de\/index.php?rest_route=%2Fwp%2Fv2%2Fcomments&post=408"}],"version-history":[{"count":1,"href":"https:\/\/indehahn.de\/index.php?rest_route=\/wp\/v2\/posts\/408\/revisions"}],"predecessor-version":[{"id":409,"href":"https:\/\/indehahn.de\/index.php?rest_route=\/wp\/v2\/posts\/408\/revisions\/409"}],"wp:attachment":[{"href":"https:\/\/indehahn.de\/index.php?rest_route=%2Fwp%2Fv2%2Fmedia&parent=408"}],"wp:term":[{"taxonomy":"category","embeddable":true,"href":"https:\/\/indehahn.de\/index.php?rest_route=%2Fwp%2Fv2%2Fcategories&post=408"},{"taxonomy":"post_tag","embeddable":true,"href":"https:\/\/indehahn.de\/index.php?rest_route=%2Fwp%2Fv2%2Ftags&post=408"}],"curies":[{"name":"wp","href":"https:\/\/api.w.org\/{rel}","templated":true}]}}