{"id":4187,"date":"2010-04-05T23:46:25","date_gmt":"2010-04-05T21:46:25","guid":{"rendered":"http:\/\/inde-hahn.de\/?p=4187"},"modified":"2015-05-16T00:31:36","modified_gmt":"2015-05-15T22:31:36","slug":"erste-laesst-die-punkte-in-kueckhoven","status":"publish","type":"post","link":"https:\/\/indehahn.de\/?p=4187","title":{"rendered":"ERSTE l\u00e4sst die Punkte in K\u00fcckhoven"},"content":{"rendered":"<p>Bei der heutigen Bezirksliga-Begegnung trafen die beiden Liga-Neulinge aufeinander. In der vergangenen Spielzeit waren beide Teams noch in der Kreisliga aktiv, jetzt l\u00e4uft die Saison in der neuen Umgebung f\u00fcr beide Mannschaften unerwartet gut. W\u00e4hrend Hahn im Hinspiel deutlich mit 4:0 die Oberhand behielt, durfte man heute gespannt sein, ob das Team aus dem Erkelenzer Vorort sich daf\u00fcr revanchieren konnte.<br \/>\nDie Anfangsphase geh\u00f6rte zun\u00e4chst keinem Team &#8211; im Mittelfeld neutralisierten sich beide Mannschaften. Trotzdem war es den Hahnern m\u00f6glich, Tobi Szymanski aussichtsreich in Szene zu setzen: mit einem Heber \u00fcberlistete er den Schlussmann zur 1:0-G\u00e4stef\u00fchrung. Doch Sicherheit verlieh diese F\u00fchrung dem Hahner Spiel nicht. Sowohl nach vorne als auch nach hinten schaltete man zu langsam um, so dass sich die R\u00e4ume schnell als zu gro\u00df erwiesen. Diese nutzte K\u00fcckhoven zu einem druckvollen Spiel nach vorne. In dieser Phase lag der Ausgleich st\u00e4ndig in der Luft und als nach einer Ecke nicht entschlossen genug gekl\u00e4rt wurde, da war es soweit &#8211; der agile Hampel erzielte den Ausgleichstreffer.<br \/>\nAuch zwei Spielerwechsel auf Hahner Seite brachten nicht die erw\u00fcnschte Entlastung. Im zweiten Spielabschnitt sahen die Zuschauer das gewohnte Bild: Hahn lie\u00df zwischen den einzelnen Mannschaftsteilen zu viel Raum unbesetzt, was sich sowohl im Offensiv- als auch im Defensivspiel negativ bemerkbar machte. K\u00fcckhoven wirkte nun frischer und abermals Hampel traf in Minute 60 zur F\u00fchrung, ehe Kapar per sehenswertem Kopfball sogar f\u00fcr die Zweitore-F\u00fchrung sorgte. Unser Team fand auch nun keine rechten Mittel, so dass der Anschlusstreffer von Jerome Grammerstorf nur noch Ergebniskosmetik blieb.<br \/>\nTrainer Oliver Heinrichs: &#8222;Heute f\u00e4llt es mir nicht sehr schwer, meinem Gegen\u00fcber zum Sieg zu gratulieren, denn der war hochverdient. Zu einem nicht unerheblichen Teil trage ich die Schuld an dieser Niederlage, doch das ist schon besprochen und ausger\u00e4umt. Wir lassen uns jedenfalls nicht von diversen \u00c4u\u00dferungen blenden und k\u00f6nnen selbst am besten einsch\u00e4tzen, dass wir eine sehr gute Saison spielen, die aber erst in zwei Monaten nach weiteren 27 zu vergebenden Punkten vorbei ist. Momentan geht es allenfalls um Ausgangspositionen f\u00fcr den Zieleinlauf und wenn ich mir das weitere Programm ansehe, dann kann sich schon in der n\u00e4chsten Woche einiges \u00e4ndern.&#8220;<\/p>\n<div class=\"shariff\" data-title=\"ERSTE l\u00e4sst die Punkte in K\u00fcckhoven\" data-info-url=\"http:\/\/ct.de\/-2467514\" data-backend-url=\"https:\/\/indehahn.de\/wp-content\/plugins\/shariff-sharing_UNUSED\/backend\/index.php\" data-temp=\"\/tmp\" data-ttl=\"60\" data-service=\"\" data-services='[\"facebook\",\"whatsapp\",\"mail\"]' data-image=\"\" data-url=\"https:\/\/indehahn.de\/?p=4187\" data-lang=\"de\" data-theme=\"color\" data-orientation=\"horizontal\"><\/div>","protected":false},"excerpt":{"rendered":"<p>Bei der heutigen Bezirksliga-Begegnung trafen die beiden Liga-Neulinge aufeinander. In der vergangenen Spielzeit waren beide Teams noch in der Kreisliga aktiv, jetzt l\u00e4uft die Saison in der neuen Umgebung f\u00fcr beide Mannschaften unerwartet gut.&#46;&#46;&#46;<\/p>\n","protected":false},"author":2,"featured_media":0,"comment_status":"closed","ping_status":"closed","sticky":false,"template":"","format":"standard","meta":{"ngg_post_thumbnail":0,"footnotes":""},"categories":[11],"tags":[],"class_list":["post-4187","post","type-post","status-publish","format-standard","hentry","category-1-mannschaft"],"_links":{"self":[{"href":"https:\/\/indehahn.de\/index.php?rest_route=\/wp\/v2\/posts\/4187","targetHints":{"allow":["GET"]}}],"collection":[{"href":"https:\/\/indehahn.de\/index.php?rest_route=\/wp\/v2\/posts"}],"about":[{"href":"https:\/\/indehahn.de\/index.php?rest_route=\/wp\/v2\/types\/post"}],"author":[{"embeddable":true,"href":"https:\/\/indehahn.de\/index.php?rest_route=\/wp\/v2\/users\/2"}],"replies":[{"embeddable":true,"href":"https:\/\/indehahn.de\/index.php?rest_route=%2Fwp%2Fv2%2Fcomments&post=4187"}],"version-history":[{"count":1,"href":"https:\/\/indehahn.de\/index.php?rest_route=\/wp\/v2\/posts\/4187\/revisions"}],"predecessor-version":[{"id":4188,"href":"https:\/\/indehahn.de\/index.php?rest_route=\/wp\/v2\/posts\/4187\/revisions\/4188"}],"wp:attachment":[{"href":"https:\/\/indehahn.de\/index.php?rest_route=%2Fwp%2Fv2%2Fmedia&parent=4187"}],"wp:term":[{"taxonomy":"category","embeddable":true,"href":"https:\/\/indehahn.de\/index.php?rest_route=%2Fwp%2Fv2%2Fcategories&post=4187"},{"taxonomy":"post_tag","embeddable":true,"href":"https:\/\/indehahn.de\/index.php?rest_route=%2Fwp%2Fv2%2Ftags&post=4187"}],"curies":[{"name":"wp","href":"https:\/\/api.w.org\/{rel}","templated":true}]}}