{"id":4248,"date":"2010-03-22T23:23:55","date_gmt":"2010-03-22T22:23:55","guid":{"rendered":"http:\/\/inde-hahn.de\/?p=4248"},"modified":"2015-05-16T00:31:36","modified_gmt":"2015-05-15T22:31:36","slug":"auch-die-e2-startet-endlich-in-die-saison","status":"publish","type":"post","link":"https:\/\/indehahn.de\/?p=4248","title":{"rendered":"Auch die E2 startet endlich in die Saison"},"content":{"rendered":"<p>Wegen &#8222;spielfrei&#8220; und Spielverlegungen starteten unsere E2-Junioren mit gro\u00dfer Versp\u00e4tung erst heute in die Fr\u00fchjahrsrunde. Aus einer Gruppe mit lauter unbekannten Gegnern war heute die E2 von Rhenania Richterich zu Gast, die mit Dirk B\u00fclles, Mitglied der Hahner Meistermannschaft von 2001 und Vater eines G\u00e4stespielers, immerhin ein bekanntes Gesicht mit nach Hahn gebracht hatte. Er stellte sich dankenswerter Weise auch gleich als Schiedsrichter zur Verf\u00fcgung und hatte mit der Partie keinerlei Probleme.<br \/>\nObwohl die G\u00e4ste in punkto K\u00f6rpergr\u00f6\u00dfe und Schnelligkeit Vorteile hatten, geh\u00f6rte die erste Halbzeit der Hahner Mannschaft, die dank der besseren Spielanlage und gutem Passspiel immer wieder Paul Jacobi in 1-gegen-1-Situationen bringen konnte, der dabei seine Dribbelst\u00e4rke ausspielte und schon nach einer Viertelstunde mit einem Hattrick f\u00fcr eine beruhigende 3:0-F\u00fchrung gesorgt hatte. Danach verlief das Spiel ausgeglichener, was zum einen daran lag, dass sich der Gegner besser auf das Spiel unserer Mannschaft eingestellt hatte. Zum anderen waren leider wieder einige Nachl\u00e4ssigkeiten im Abwehrverhalten zu beobachten. So kam kurz vor der Pause ein Richtericher Spieler vor dem Tor v\u00f6llig frei an den Ball und verk\u00fcrzte zum 3:1-Pausenstand.<br \/>\nDie zweite Halbzeit verlief sehr ausgeglichen und es ging lange Zeit hin und her. Nach einem von Lars Drews getretenen Ecksto\u00df nutzte wiederum Paul Jacobi die Unordnung in der G\u00e4steabwehr zu seinem vierten Treffer. Doch nur wenig sp\u00e4ter wurde es wieder spannend, weil beim 4:2 unsere Mannschaft zu weit aufger\u00fcckt war und die Verteidiger nicht energisch genug gegen den Ball agierten. Im Anschluss daran wirkten einige unserer Spieler nerv\u00f6s und andere schienen etwas m\u00fcde zu sein. Einige Male musste unser Torh\u00fcter Nils Leister sein ganzes K\u00f6nnen aufbieten, um den Anschlusstreffer zu verhindern. Dieser fiel dann doch, als dem Gegner wiederholt das komplette Mittelfeld \u00fcberlassen wurde. Erst jetzt zeigte unsere Mannschaft die zuvor vermisste Gegenwehr und verpasste es lediglich, teilweise gut herausgespielte Konter mit dem erl\u00f6senden Treffer zu kr\u00f6nen. Bis zum Schluss blieb es spannend, es blieb aber auch beim insgesamt verdienten 4:3-Sieg unserer E2-Junioren, die somit erfolgreich in die Fr\u00fchjahrsrunde starteten. Nur schade, dass wegen der Osterferien nun schon wieder eine l\u00e4ngere Pause ansteht. Erst am 17. April geht es mit einem Ausw\u00e4rtsspiel in Kellersberg weiter &#8230;.. <\/p>\n<div class=\"shariff\" data-title=\"Auch die E2 startet endlich in die Saison\" data-info-url=\"http:\/\/ct.de\/-2467514\" data-backend-url=\"https:\/\/indehahn.de\/wp-content\/plugins\/shariff-sharing_UNUSED\/backend\/index.php\" data-temp=\"\/tmp\" data-ttl=\"60\" data-service=\"\" data-services='[\"facebook\",\"whatsapp\",\"mail\"]' data-image=\"\" data-url=\"https:\/\/indehahn.de\/?p=4248\" data-lang=\"de\" data-theme=\"color\" data-orientation=\"horizontal\"><\/div>","protected":false},"excerpt":{"rendered":"<p>Wegen &#8222;spielfrei&#8220; und Spielverlegungen starteten unsere E2-Junioren mit gro\u00dfer Versp\u00e4tung erst heute in die Fr\u00fchjahrsrunde. Aus einer Gruppe mit lauter unbekannten Gegnern war heute die E2 von Rhenania Richterich zu Gast, die mit Dirk&#46;&#46;&#46;<\/p>\n","protected":false},"author":2,"featured_media":0,"comment_status":"closed","ping_status":"closed","sticky":false,"template":"","format":"standard","meta":{"ngg_post_thumbnail":0,"footnotes":""},"categories":[3],"tags":[],"class_list":["post-4248","post","type-post","status-publish","format-standard","hentry","category-fussball-junioren"],"_links":{"self":[{"href":"https:\/\/indehahn.de\/index.php?rest_route=\/wp\/v2\/posts\/4248","targetHints":{"allow":["GET"]}}],"collection":[{"href":"https:\/\/indehahn.de\/index.php?rest_route=\/wp\/v2\/posts"}],"about":[{"href":"https:\/\/indehahn.de\/index.php?rest_route=\/wp\/v2\/types\/post"}],"author":[{"embeddable":true,"href":"https:\/\/indehahn.de\/index.php?rest_route=\/wp\/v2\/users\/2"}],"replies":[{"embeddable":true,"href":"https:\/\/indehahn.de\/index.php?rest_route=%2Fwp%2Fv2%2Fcomments&post=4248"}],"version-history":[{"count":1,"href":"https:\/\/indehahn.de\/index.php?rest_route=\/wp\/v2\/posts\/4248\/revisions"}],"predecessor-version":[{"id":4249,"href":"https:\/\/indehahn.de\/index.php?rest_route=\/wp\/v2\/posts\/4248\/revisions\/4249"}],"wp:attachment":[{"href":"https:\/\/indehahn.de\/index.php?rest_route=%2Fwp%2Fv2%2Fmedia&parent=4248"}],"wp:term":[{"taxonomy":"category","embeddable":true,"href":"https:\/\/indehahn.de\/index.php?rest_route=%2Fwp%2Fv2%2Fcategories&post=4248"},{"taxonomy":"post_tag","embeddable":true,"href":"https:\/\/indehahn.de\/index.php?rest_route=%2Fwp%2Fv2%2Ftags&post=4248"}],"curies":[{"name":"wp","href":"https:\/\/api.w.org\/{rel}","templated":true}]}}