{"id":4254,"date":"2010-03-15T23:25:47","date_gmt":"2010-03-15T22:25:47","guid":{"rendered":"http:\/\/inde-hahn.de\/?p=4254"},"modified":"2015-05-16T00:31:36","modified_gmt":"2015-05-15T22:31:36","slug":"c-junioren-starten-mit-ungluecklicher-niederlage","status":"publish","type":"post","link":"https:\/\/indehahn.de\/?p=4254","title":{"rendered":"C-JUNIOREN starten mit ungl\u00fccklicher Niederlage"},"content":{"rendered":"<p>Endlich ging&#8217;s los f\u00fcr unsere C-Jugend. Zum ersten Meisterschaftsspiel der Fr\u00fchjahrsrunde war Eintracht Kornelim\u00fcnster zu Gast in Hahn. Wie im Vorfeld angenommen hatte man es mit zwei etwa gleich starken Mannschaften zu tun. Mitte der 1. Halbzeit ging unsere Mannschaft mit 1:0 in F\u00fchrung. Nach der Pause musste man gegen den Wind spielen und so fiel nicht unverdient der 1:1-Ausgleichstreffer. Doch praktisch im Gegenzug gelang unserem Team wieder die F\u00fchrung. Nach dem erneuten Ausgleichstreffer wurde unsere Mannschaft um ein glasklaren Elfmeter betrogen &#8211; Niklas Breuer wurde auf H\u00f6he des Elfmeterpunkts klar von den Beinen geholt, doch zur Verwunderung aller Beteiligten verlegte der Schiedsrichter den Tatort einige Meter zur\u00fcck und damit au\u00dferhalb des Strafraums. Den Freisto\u00df vergab unser Spielf\u00fchrer leider. Zu allem \u00dcberfluss fing man sich bei einem Konter, als unsere Jungs zu weit aufger\u00fcckt waren, auch noch den entscheidenden Gegentreffer zum 2:3 Endstand.<br \/>\nFazit: &#8222;Eine ungl\u00fcckliche Niederlage, denn ein Unentschieden h\u00e4tte dem Spielverlauf sicher eher entsprochen. Nun hei\u00dft es, sich auf das n\u00e4chste Spiel zu konzentrieren, was mit Sicherheit auch keine leichte Aufgabe sein wird. Aber in dieser Gruppe wird es f\u00fcr unsere Mannschaft wahrscheinlich eh kein leichtes Spiel geben.&#8220;<\/p>\n<div class=\"shariff\" data-title=\"C-JUNIOREN starten mit ungl\u00fccklicher Niederlage\" data-info-url=\"http:\/\/ct.de\/-2467514\" data-backend-url=\"https:\/\/indehahn.de\/wp-content\/plugins\/shariff-sharing_UNUSED\/backend\/index.php\" data-temp=\"\/tmp\" data-ttl=\"60\" data-service=\"\" data-services='[\"facebook\",\"whatsapp\",\"mail\"]' data-image=\"\" data-url=\"https:\/\/indehahn.de\/?p=4254\" data-lang=\"de\" data-theme=\"color\" data-orientation=\"horizontal\"><\/div>","protected":false},"excerpt":{"rendered":"<p>Endlich ging&#8217;s los f\u00fcr unsere C-Jugend. Zum ersten Meisterschaftsspiel der Fr\u00fchjahrsrunde war Eintracht Kornelim\u00fcnster zu Gast in Hahn. Wie im Vorfeld angenommen hatte man es mit zwei etwa gleich starken Mannschaften zu tun. Mitte&#46;&#46;&#46;<\/p>\n","protected":false},"author":2,"featured_media":0,"comment_status":"closed","ping_status":"closed","sticky":false,"template":"","format":"standard","meta":{"ngg_post_thumbnail":0,"footnotes":""},"categories":[3],"tags":[],"class_list":["post-4254","post","type-post","status-publish","format-standard","hentry","category-fussball-junioren"],"_links":{"self":[{"href":"https:\/\/indehahn.de\/index.php?rest_route=\/wp\/v2\/posts\/4254","targetHints":{"allow":["GET"]}}],"collection":[{"href":"https:\/\/indehahn.de\/index.php?rest_route=\/wp\/v2\/posts"}],"about":[{"href":"https:\/\/indehahn.de\/index.php?rest_route=\/wp\/v2\/types\/post"}],"author":[{"embeddable":true,"href":"https:\/\/indehahn.de\/index.php?rest_route=\/wp\/v2\/users\/2"}],"replies":[{"embeddable":true,"href":"https:\/\/indehahn.de\/index.php?rest_route=%2Fwp%2Fv2%2Fcomments&post=4254"}],"version-history":[{"count":1,"href":"https:\/\/indehahn.de\/index.php?rest_route=\/wp\/v2\/posts\/4254\/revisions"}],"predecessor-version":[{"id":4255,"href":"https:\/\/indehahn.de\/index.php?rest_route=\/wp\/v2\/posts\/4254\/revisions\/4255"}],"wp:attachment":[{"href":"https:\/\/indehahn.de\/index.php?rest_route=%2Fwp%2Fv2%2Fmedia&parent=4254"}],"wp:term":[{"taxonomy":"category","embeddable":true,"href":"https:\/\/indehahn.de\/index.php?rest_route=%2Fwp%2Fv2%2Fcategories&post=4254"},{"taxonomy":"post_tag","embeddable":true,"href":"https:\/\/indehahn.de\/index.php?rest_route=%2Fwp%2Fv2%2Ftags&post=4254"}],"curies":[{"name":"wp","href":"https:\/\/api.w.org\/{rel}","templated":true}]}}