{"id":4288,"date":"2010-02-04T23:37:21","date_gmt":"2010-02-04T22:37:21","guid":{"rendered":"http:\/\/inde-hahn.de\/?p=4288"},"modified":"2015-05-16T00:31:37","modified_gmt":"2015-05-15T22:31:37","slug":"f2-junioren-erst-im-endspiel-geschlagen","status":"publish","type":"post","link":"https:\/\/indehahn.de\/?p=4288","title":{"rendered":"F2-JUNIOREN erst im Endspiel geschlagen"},"content":{"rendered":"<p>Unsere F2 nahm am vergangenen Samstag beim Fox-Indoor Cup des VfL Vichttal in der Sporthalle Breinig teil. Trotz widrigster Wetterbedingungen waren alle Spieler p\u00fcnktlich in der Halle. Im ersten Spiel des Turniers war die Mannschaft von Rasensport Brand unser Gegner. Zur H\u00e4lfte der 8-min\u00fctigen Spielzeit ging Brand durch ein blitzsauberes Eigentor in F\u00fchrung. So mussten wir froh sein, wenigstens noch den Ausgleich zum 1:1 zu erzielen. In unserem zweiter Gruppenspiel trafen wir auf die Mannschaft des Veranstalters VfL Vichttal. Zwar erspielten sich die Gastgeber einige gute Chancen, doch unser Torh\u00fcter hielt den Kasten sauber. Das Spiel endete 0:0. Im n\u00e4chsten Spiel gegen unsere Nachbarn aus Walheim merkte man, dass die Mannschaft sich mittlerweile eingespielt hatte. Gute Abwehrarbeit und tolle Offensivaktionen waren die Grundlage f\u00fcr einen hochverdienten 2:0-Sieg. Im letzten Gruppenspiel gegen die uns v\u00f6llig unbekannte Mannschaft aus dem belgischen Plombieres zeigten unsere F-Jugendlichen dann ihre beste Turnierleistung. Die Jungs lie\u00dfen den Gegner nicht ins Spiel kommen und gewannen vollkommen verdient mit 2:0. Somit waren wir Gruppensieger und durften im Endspiel um den Turniersieg spielen. Gegner war hier die Mannschaft von Jugendsport Wenau. Dem schnellen Kombinationsfu\u00dfball der Wenauer hatten wir allerdings nichts entgegen zu setzen, so dass unsere Niederlage mit 0:6 auch in der H\u00f6he verdient war. Die Freude \u00fcber den 2. Platz war trotzdem riesig und die Mannschaft kann auf die gezeigte Leistung stolz sein.<\/p>\n<div class=\"shariff\" data-title=\"F2-JUNIOREN erst im Endspiel geschlagen\" data-info-url=\"http:\/\/ct.de\/-2467514\" data-backend-url=\"https:\/\/indehahn.de\/wp-content\/plugins\/shariff-sharing_UNUSED\/backend\/index.php\" data-temp=\"\/tmp\" data-ttl=\"60\" data-service=\"\" data-services='[\"facebook\",\"whatsapp\",\"mail\"]' data-image=\"\" data-url=\"https:\/\/indehahn.de\/?p=4288\" data-lang=\"de\" data-theme=\"color\" data-orientation=\"horizontal\"><\/div>","protected":false},"excerpt":{"rendered":"<p>Unsere F2 nahm am vergangenen Samstag beim Fox-Indoor Cup des VfL Vichttal in der Sporthalle Breinig teil. Trotz widrigster Wetterbedingungen waren alle Spieler p\u00fcnktlich in der Halle. Im ersten Spiel des Turniers war die&#46;&#46;&#46;<\/p>\n","protected":false},"author":2,"featured_media":0,"comment_status":"closed","ping_status":"closed","sticky":false,"template":"","format":"standard","meta":{"ngg_post_thumbnail":0,"footnotes":""},"categories":[3],"tags":[],"class_list":["post-4288","post","type-post","status-publish","format-standard","hentry","category-fussball-junioren"],"_links":{"self":[{"href":"https:\/\/indehahn.de\/index.php?rest_route=\/wp\/v2\/posts\/4288","targetHints":{"allow":["GET"]}}],"collection":[{"href":"https:\/\/indehahn.de\/index.php?rest_route=\/wp\/v2\/posts"}],"about":[{"href":"https:\/\/indehahn.de\/index.php?rest_route=\/wp\/v2\/types\/post"}],"author":[{"embeddable":true,"href":"https:\/\/indehahn.de\/index.php?rest_route=\/wp\/v2\/users\/2"}],"replies":[{"embeddable":true,"href":"https:\/\/indehahn.de\/index.php?rest_route=%2Fwp%2Fv2%2Fcomments&post=4288"}],"version-history":[{"count":1,"href":"https:\/\/indehahn.de\/index.php?rest_route=\/wp\/v2\/posts\/4288\/revisions"}],"predecessor-version":[{"id":4289,"href":"https:\/\/indehahn.de\/index.php?rest_route=\/wp\/v2\/posts\/4288\/revisions\/4289"}],"wp:attachment":[{"href":"https:\/\/indehahn.de\/index.php?rest_route=%2Fwp%2Fv2%2Fmedia&parent=4288"}],"wp:term":[{"taxonomy":"category","embeddable":true,"href":"https:\/\/indehahn.de\/index.php?rest_route=%2Fwp%2Fv2%2Fcategories&post=4288"},{"taxonomy":"post_tag","embeddable":true,"href":"https:\/\/indehahn.de\/index.php?rest_route=%2Fwp%2Fv2%2Ftags&post=4288"}],"curies":[{"name":"wp","href":"https:\/\/api.w.org\/{rel}","templated":true}]}}