{"id":4294,"date":"2010-01-22T23:40:07","date_gmt":"2010-01-22T22:40:07","guid":{"rendered":"http:\/\/inde-hahn.de\/?p=4294"},"modified":"2015-05-16T00:31:37","modified_gmt":"2015-05-15T22:31:37","slug":"trauer-um-unseren-vorsitzenden-hans-juergen-kindel","status":"publish","type":"post","link":"https:\/\/indehahn.de\/?p=4294","title":{"rendered":"Trauer um unseren Vorsitzenden Hans-J\u00fcrgen Kindel"},"content":{"rendered":"<p><a href=\"http:\/\/indehahn.de\/wp-content\/uploads\/2015\/05\/TrauerHJKindel.jpg\" data-rel=\"lightbox-image-0\" data-rl_title=\"\" data-rl_caption=\"\" title=\"\"><img loading=\"lazy\" decoding=\"async\" src=\"http:\/\/indehahn.de\/wp-content\/uploads\/2015\/05\/TrauerHJKindel.jpg\" alt=\"TrauerHJKindel\" width=\"80\" height=\"120\" class=\"alignnone size-full wp-image-4295\" \/><\/a><\/p>\n<p>Am vergangenen Mittwoch verstarb nach schwerer Krankheit im Alter von 69 Jahren der Vorsitzende unseres Vereins, Hans-J\u00fcrgen Kindel.<br \/>\nFast 40 Jahre lang hat er seine Freizeit und viel Herzblut in den Club gesteckt und ihm als Vorsitzender, Jugendleiter, Schatzmeister, Jugendtrainer, Betreuer der 2. Mannschaft, Schiedsrichter, Organisator und Mann f\u00fcr alle F\u00e4lle seinen Stempel aufgedr\u00fcckt. Die vielen Teilnehmer der Hahner Sommerfeste in den vergangenen Jahren kennen ihn auch als die Stimme des F.C. Inde Hahn. Mit seiner absoluten Fairness und dem nimmerm\u00fcden Einsatz f\u00fcr den Verein war er stets ein Vorbild f\u00fcr Jung und Alt.<br \/>\nDer Verlust f\u00fcr den Verein ist riesig, doch unsere Verantwortlichen werden alles tun, um die Arbeit von Hans-J\u00fcrgen Kindel in seinem Sinne erfolgreich fortzuf\u00fchren. Sein Name wird f\u00fcr immer fest mit dem F.C. Inde Hahn verbunden sein.<\/p>\n<div class=\"shariff\" data-title=\"Trauer um unseren Vorsitzenden Hans-J\u00fcrgen Kindel\" data-info-url=\"http:\/\/ct.de\/-2467514\" data-backend-url=\"https:\/\/indehahn.de\/wp-content\/plugins\/shariff-sharing_UNUSED\/backend\/index.php\" data-temp=\"\/tmp\" data-ttl=\"60\" data-service=\"\" data-services='[\"facebook\",\"whatsapp\",\"mail\"]' data-image=\"http:\/\/indehahn.de\/wp-content\/uploads\/2015\/05\/TrauerHJKindel.jpg\" data-url=\"https:\/\/indehahn.de\/?p=4294\" data-lang=\"de\" data-theme=\"color\" data-orientation=\"horizontal\"><\/div>","protected":false},"excerpt":{"rendered":"<p>Am vergangenen Mittwoch verstarb nach schwerer Krankheit im Alter von 69 Jahren der Vorsitzende unseres Vereins, Hans-J\u00fcrgen Kindel. Fast 40 Jahre lang hat er seine Freizeit und viel Herzblut in den Club gesteckt und&#46;&#46;&#46;<\/p>\n","protected":false},"author":2,"featured_media":0,"comment_status":"closed","ping_status":"closed","sticky":false,"template":"","format":"standard","meta":{"ngg_post_thumbnail":0,"footnotes":""},"categories":[1],"tags":[],"class_list":["post-4294","post","type-post","status-publish","format-standard","hentry","category-verein"],"_links":{"self":[{"href":"https:\/\/indehahn.de\/index.php?rest_route=\/wp\/v2\/posts\/4294","targetHints":{"allow":["GET"]}}],"collection":[{"href":"https:\/\/indehahn.de\/index.php?rest_route=\/wp\/v2\/posts"}],"about":[{"href":"https:\/\/indehahn.de\/index.php?rest_route=\/wp\/v2\/types\/post"}],"author":[{"embeddable":true,"href":"https:\/\/indehahn.de\/index.php?rest_route=\/wp\/v2\/users\/2"}],"replies":[{"embeddable":true,"href":"https:\/\/indehahn.de\/index.php?rest_route=%2Fwp%2Fv2%2Fcomments&post=4294"}],"version-history":[{"count":2,"href":"https:\/\/indehahn.de\/index.php?rest_route=\/wp\/v2\/posts\/4294\/revisions"}],"predecessor-version":[{"id":4297,"href":"https:\/\/indehahn.de\/index.php?rest_route=\/wp\/v2\/posts\/4294\/revisions\/4297"}],"wp:attachment":[{"href":"https:\/\/indehahn.de\/index.php?rest_route=%2Fwp%2Fv2%2Fmedia&parent=4294"}],"wp:term":[{"taxonomy":"category","embeddable":true,"href":"https:\/\/indehahn.de\/index.php?rest_route=%2Fwp%2Fv2%2Fcategories&post=4294"},{"taxonomy":"post_tag","embeddable":true,"href":"https:\/\/indehahn.de\/index.php?rest_route=%2Fwp%2Fv2%2Ftags&post=4294"}],"curies":[{"name":"wp","href":"https:\/\/api.w.org\/{rel}","templated":true}]}}