{"id":4387,"date":"2009-10-19T23:44:08","date_gmt":"2009-10-19T21:44:08","guid":{"rendered":"http:\/\/inde-hahn.de\/?p=4387"},"modified":"2015-05-16T00:32:01","modified_gmt":"2015-05-15T22:32:01","slug":"der-fc-inde-hahn-trauert-um-felix-hardt","status":"publish","type":"post","link":"https:\/\/indehahn.de\/?p=4387","title":{"rendered":"Der FC Inde Hahn trauert um FELIX HARDT"},"content":{"rendered":"<p><a href=\"http:\/\/indehahn.de\/wp-content\/uploads\/2015\/05\/FelixHardtKlein.jpg\" data-rel=\"lightbox-image-0\" data-rl_title=\"\" data-rl_caption=\"\" title=\"\"><img loading=\"lazy\" decoding=\"async\" src=\"http:\/\/indehahn.de\/wp-content\/uploads\/2015\/05\/FelixHardtKlein.jpg\" alt=\"FelixHardtKlein\" width=\"80\" height=\"112\" class=\"alignnone size-full wp-image-4388\" \/><\/a><\/p>\n<p>Am 23. September 2009 verstarb unser Gr\u00fcndungs- und Ehrenmitglied Felix Hardt. Er war dem Verein seit der Gr\u00fcndung im Jahre 1946 eng verbunden &#8211; zun\u00e4chst spielte er jahrelang ununterbrochen in unserer 1. Mannschaft. Nach seiner aktiven Zeit arbeitete er mehrere Jahre lang (\u00fcberwiegend in den 70er-Jahren) als 1. und 2. Vorsitzender im Vorstand des FC Inde Hahn. Sein Interesse am Vereinsleben war bis zuletzt ungebrochen. Unsere Anteilnahme gilt seiner Familie. Wir werden dem Verstorbenen ein ehrendes Andenken bewahren.<\/p>\n<div class=\"shariff\" data-title=\"Der FC Inde Hahn trauert um FELIX HARDT\" data-info-url=\"http:\/\/ct.de\/-2467514\" data-backend-url=\"https:\/\/indehahn.de\/wp-content\/plugins\/shariff-sharing_UNUSED\/backend\/index.php\" data-temp=\"\/tmp\" data-ttl=\"60\" data-service=\"\" data-services='[\"facebook\",\"whatsapp\",\"mail\"]' data-image=\"http:\/\/indehahn.de\/wp-content\/uploads\/2015\/05\/FelixHardtKlein.jpg\" data-url=\"https:\/\/indehahn.de\/?p=4387\" data-lang=\"de\" data-theme=\"color\" data-orientation=\"horizontal\"><\/div>","protected":false},"excerpt":{"rendered":"<p>Am 23. September 2009 verstarb unser Gr\u00fcndungs- und Ehrenmitglied Felix Hardt. Er war dem Verein seit der Gr\u00fcndung im Jahre 1946 eng verbunden &#8211; zun\u00e4chst spielte er jahrelang ununterbrochen in unserer 1. Mannschaft. Nach&#46;&#46;&#46;<\/p>\n","protected":false},"author":2,"featured_media":0,"comment_status":"closed","ping_status":"closed","sticky":false,"template":"","format":"standard","meta":{"ngg_post_thumbnail":0,"footnotes":""},"categories":[1],"tags":[],"class_list":["post-4387","post","type-post","status-publish","format-standard","hentry","category-verein"],"_links":{"self":[{"href":"https:\/\/indehahn.de\/index.php?rest_route=\/wp\/v2\/posts\/4387","targetHints":{"allow":["GET"]}}],"collection":[{"href":"https:\/\/indehahn.de\/index.php?rest_route=\/wp\/v2\/posts"}],"about":[{"href":"https:\/\/indehahn.de\/index.php?rest_route=\/wp\/v2\/types\/post"}],"author":[{"embeddable":true,"href":"https:\/\/indehahn.de\/index.php?rest_route=\/wp\/v2\/users\/2"}],"replies":[{"embeddable":true,"href":"https:\/\/indehahn.de\/index.php?rest_route=%2Fwp%2Fv2%2Fcomments&post=4387"}],"version-history":[{"count":1,"href":"https:\/\/indehahn.de\/index.php?rest_route=\/wp\/v2\/posts\/4387\/revisions"}],"predecessor-version":[{"id":4389,"href":"https:\/\/indehahn.de\/index.php?rest_route=\/wp\/v2\/posts\/4387\/revisions\/4389"}],"wp:attachment":[{"href":"https:\/\/indehahn.de\/index.php?rest_route=%2Fwp%2Fv2%2Fmedia&parent=4387"}],"wp:term":[{"taxonomy":"category","embeddable":true,"href":"https:\/\/indehahn.de\/index.php?rest_route=%2Fwp%2Fv2%2Fcategories&post=4387"},{"taxonomy":"post_tag","embeddable":true,"href":"https:\/\/indehahn.de\/index.php?rest_route=%2Fwp%2Fv2%2Ftags&post=4387"}],"curies":[{"name":"wp","href":"https:\/\/api.w.org\/{rel}","templated":true}]}}