{"id":4473,"date":"2003-05-01T00:00:44","date_gmt":"2003-04-30T22:00:44","guid":{"rendered":"http:\/\/inde-hahn.de\/?p=4473"},"modified":"2015-05-16T00:34:32","modified_gmt":"2015-05-15T22:34:32","slug":"zwei-laeufer-unseres-lauftreffs-beim-6-kaller-strassenlauf","status":"publish","type":"post","link":"https:\/\/indehahn.de\/?p=4473","title":{"rendered":"Zwei L\u00e4ufer unseres Lauftreffs beim 6. Kaller Stra\u00dfenlauf"},"content":{"rendered":"<p>Dietmar Halterbeck und Norbert Kindel vertraten unsere Vereinsfarben beim Kaller Stra\u00dfenlauf in der Eifel und nahmen die 10-km-Strecke des zur Wertung des Rur-Eifel-Cups z\u00e4hlenden Volkslaufes in Angriff. Bei unangenehm starkem Wind musste ein Rundkurs durch die Stra\u00dfen von Kall sechs Mal durchlaufen werden. Insbesondere eine nette kleine Steigung zu Beginn jeder Runde, bei der der Wind genau von vorne blies, machte die Beine zeitweise ziemlich schwer. Nach sehr flottem (zu flottem?) Beginn lie\u00dfen die Kr\u00e4fte in der 4. und 5. Runde merklich nach, es reichte aber schlie\u00dflich doch noch zu einer Steigerung in der Schlussrunde, die daf\u00fcr sorgte, dass unsere beiden L\u00e4ufer unter der magischen 50-Minuten-Grenze bleiben konnten &#8211; insbesondere f\u00fcr Norbert sehr erfreulich, konnte er doch damit seine bisherige Bestzeit um fast<br \/>\n3 Minuten unterbieten. Die genauen Platzierungen sind uns noch nicht bekannt, aber eigentlich auch nicht so wichtig.<br \/>\nEs hat Spa\u00df gemacht, an dieser Veranstaltung teilzunehmen und wir freuen uns jetzt schon auf den Vennlauf in M\u00fctzenich am 24. Mai 2003. Wir hoffen, dann auch mit einer etwas gr\u00f6\u00dferen Hahner Gruppe an den Start gehen zu k\u00f6nnen.<br \/>\nUnd wenn ihr einmal eine lockere Runde durch den Hahner Wald mit uns unternehmen m\u00f6chtet, dann findet ihr alle notwendigen Infos dazu auf unserer Lauftreff-Seite.<\/p>\n<div class=\"shariff\" data-title=\"Zwei L\u00e4ufer unseres Lauftreffs beim 6. Kaller Stra\u00dfenlauf\" data-info-url=\"http:\/\/ct.de\/-2467514\" data-backend-url=\"https:\/\/indehahn.de\/wp-content\/plugins\/shariff-sharing_UNUSED\/backend\/index.php\" data-temp=\"\/tmp\" data-ttl=\"60\" data-service=\"\" data-services='[\"facebook\",\"whatsapp\",\"mail\"]' data-image=\"\" data-url=\"https:\/\/indehahn.de\/?p=4473\" data-lang=\"de\" data-theme=\"color\" data-orientation=\"horizontal\"><\/div>","protected":false},"excerpt":{"rendered":"<p>Dietmar Halterbeck und Norbert Kindel vertraten unsere Vereinsfarben beim Kaller Stra\u00dfenlauf in der Eifel und nahmen die 10-km-Strecke des zur Wertung des Rur-Eifel-Cups z\u00e4hlenden Volkslaufes in Angriff. Bei unangenehm starkem Wind musste ein Rundkurs&#46;&#46;&#46;<\/p>\n","protected":false},"author":2,"featured_media":0,"comment_status":"closed","ping_status":"closed","sticky":false,"template":"","format":"standard","meta":{"ngg_post_thumbnail":0,"footnotes":""},"categories":[14],"tags":[],"class_list":["post-4473","post","type-post","status-publish","format-standard","hentry","category-lauftreff"],"_links":{"self":[{"href":"https:\/\/indehahn.de\/index.php?rest_route=\/wp\/v2\/posts\/4473","targetHints":{"allow":["GET"]}}],"collection":[{"href":"https:\/\/indehahn.de\/index.php?rest_route=\/wp\/v2\/posts"}],"about":[{"href":"https:\/\/indehahn.de\/index.php?rest_route=\/wp\/v2\/types\/post"}],"author":[{"embeddable":true,"href":"https:\/\/indehahn.de\/index.php?rest_route=\/wp\/v2\/users\/2"}],"replies":[{"embeddable":true,"href":"https:\/\/indehahn.de\/index.php?rest_route=%2Fwp%2Fv2%2Fcomments&post=4473"}],"version-history":[{"count":1,"href":"https:\/\/indehahn.de\/index.php?rest_route=\/wp\/v2\/posts\/4473\/revisions"}],"predecessor-version":[{"id":4474,"href":"https:\/\/indehahn.de\/index.php?rest_route=\/wp\/v2\/posts\/4473\/revisions\/4474"}],"wp:attachment":[{"href":"https:\/\/indehahn.de\/index.php?rest_route=%2Fwp%2Fv2%2Fmedia&parent=4473"}],"wp:term":[{"taxonomy":"category","embeddable":true,"href":"https:\/\/indehahn.de\/index.php?rest_route=%2Fwp%2Fv2%2Fcategories&post=4473"},{"taxonomy":"post_tag","embeddable":true,"href":"https:\/\/indehahn.de\/index.php?rest_route=%2Fwp%2Fv2%2Ftags&post=4473"}],"curies":[{"name":"wp","href":"https:\/\/api.w.org\/{rel}","templated":true}]}}