{"id":4476,"date":"2003-08-02T00:00:14","date_gmt":"2003-08-01T22:00:14","guid":{"rendered":"http:\/\/inde-hahn.de\/?p=4476"},"modified":"2015-05-26T13:12:17","modified_gmt":"2015-05-26T11:12:17","slug":"unser-kleinster-laeufer-war-diesmal-der-groesste-beim-volkslauf-10-kilometer-von-duerwiss","status":"publish","type":"post","link":"https:\/\/indehahn.de\/?p=4476","title":{"rendered":"Unser kleinster L\u00c4UFER war diesmal der Gr\u00f6\u00dfte beim Volkslauf \u201c10 Kilometer von D\u00fcrwiss\u201d"},"content":{"rendered":"<p><a href=\"http:\/\/indehahn.de\/wp-content\/uploads\/2003\/08\/DuerwissLauf1.jpg\" data-rel=\"lightbox-image-0\" data-rl_title=\"\" data-rl_caption=\"\" title=\"\"><img loading=\"lazy\" decoding=\"async\" src=\"http:\/\/indehahn.de\/wp-content\/uploads\/2003\/08\/DuerwissLauf1-300x225.jpg\" alt=\"\" width=\"300\" height=\"225\" class=\"alignnone size-medium wp-image-7127\" srcset=\"https:\/\/indehahn.de\/wp-content\/uploads\/2003\/08\/DuerwissLauf1-300x225.jpg 300w, https:\/\/indehahn.de\/wp-content\/uploads\/2003\/08\/DuerwissLauf1-200x150.jpg 200w, https:\/\/indehahn.de\/wp-content\/uploads\/2003\/08\/DuerwissLauf1.jpg 400w\" sizes=\"auto, (max-width: 300px) 100vw, 300px\" \/><\/a><\/p>\n<p>Vier L\u00e4ufer unseres Lauftreffs machten sich am Samstag mit Anhang bei \u00e4u\u00dferst lauf-unfreundlichen Temperaturen auf die Reise nach D\u00fcrwiss zum dortigen Volkslauf \u00fcber 10 Kilometer. Pascal Dederichs, unser mit 8 Jahren j\u00fcngster L\u00e4ufer, betreut von Jugendleiter Dietmar Halterbeck sowie Thomas Wirthm\u00fcller und Norbert Kindel. Letzterer hatte sich zwar eine Zeit deutlich unter 50 Minuten vorgenommen, musste aber nach der dritten von 5 Runden mit Magenschmerzen aussteigen und lief dann nach einigen Minuten Pause mit Pascal und Dietmar im Dreierpack den Lauf zu Ende. Dem kleinen Pascal, der \u00fcbrigens der j\u00fcngste aller fast 500 Teilnehmer war, schien die Hitze am wenigsten auszumachen und so zog er die beiden Alten im Schlepptau noch zu einer sehr ordentlichen Zeit von knapp unter 56 Minuten. Auch Thomas hatte schwer mit der Hitze zu k\u00e4mpfen und kam mit einer Zeit von knapp \u00fcber 57 Minuten ziemlich fertig ins Ziel.<br \/>\nAuch wenn\u2019s kein Lauf war, auf dem man Bestzeiten laufen konnte, haben unsere L\u00e4ufer doch eine paar nette Eindr\u00fccke und Erfahrungen gesammelt. Insbesondere die Zuschauerbegeisterung in D\u00fcrwiss hat uns alle sehr begeistert und fast schon an die Atmosph\u00e4re gro\u00dfer Marathonl\u00e4ufe erinnert. Wir freuen uns schon auf die n\u00e4chsten L\u00e4ufe bei dann hoffentlich etwas angenehmeren Temperaturen.<\/p>\n<p><a href=\"http:\/\/galerie.indehahn.de\/Lauftreff\/2003\/Duerwiss\" target=\"_blank\">FOTOS<\/a><\/p>\n<div class=\"shariff\" data-title=\"Unser kleinster L\u00c4UFER war diesmal der Gr\u00f6\u00dfte beim Volkslauf \u201c10 Kilometer von D\u00fcrwiss\u201d\" data-info-url=\"http:\/\/ct.de\/-2467514\" data-backend-url=\"https:\/\/indehahn.de\/wp-content\/plugins\/shariff-sharing_UNUSED\/backend\/index.php\" data-temp=\"\/tmp\" data-ttl=\"60\" data-service=\"\" data-services='[\"facebook\",\"whatsapp\",\"mail\"]' data-image=\"http:\/\/indehahn.de\/wp-content\/uploads\/2003\/08\/DuerwissLauf1-300x225.jpg\" data-url=\"https:\/\/indehahn.de\/?p=4476\" data-lang=\"de\" data-theme=\"color\" data-orientation=\"horizontal\"><\/div>","protected":false},"excerpt":{"rendered":"<p>Vier L\u00e4ufer unseres Lauftreffs machten sich am Samstag mit Anhang bei \u00e4u\u00dferst lauf-unfreundlichen Temperaturen auf die Reise nach D\u00fcrwiss zum dortigen Volkslauf \u00fcber 10 Kilometer. Pascal Dederichs, unser mit 8 Jahren j\u00fcngster L\u00e4ufer, betreut&#46;&#46;&#46;<\/p>\n","protected":false},"author":2,"featured_media":0,"comment_status":"closed","ping_status":"closed","sticky":false,"template":"","format":"standard","meta":{"ngg_post_thumbnail":0,"footnotes":""},"categories":[14],"tags":[],"class_list":["post-4476","post","type-post","status-publish","format-standard","hentry","category-lauftreff"],"_links":{"self":[{"href":"https:\/\/indehahn.de\/index.php?rest_route=\/wp\/v2\/posts\/4476","targetHints":{"allow":["GET"]}}],"collection":[{"href":"https:\/\/indehahn.de\/index.php?rest_route=\/wp\/v2\/posts"}],"about":[{"href":"https:\/\/indehahn.de\/index.php?rest_route=\/wp\/v2\/types\/post"}],"author":[{"embeddable":true,"href":"https:\/\/indehahn.de\/index.php?rest_route=\/wp\/v2\/users\/2"}],"replies":[{"embeddable":true,"href":"https:\/\/indehahn.de\/index.php?rest_route=%2Fwp%2Fv2%2Fcomments&post=4476"}],"version-history":[{"count":2,"href":"https:\/\/indehahn.de\/index.php?rest_route=\/wp\/v2\/posts\/4476\/revisions"}],"predecessor-version":[{"id":7128,"href":"https:\/\/indehahn.de\/index.php?rest_route=\/wp\/v2\/posts\/4476\/revisions\/7128"}],"wp:attachment":[{"href":"https:\/\/indehahn.de\/index.php?rest_route=%2Fwp%2Fv2%2Fmedia&parent=4476"}],"wp:term":[{"taxonomy":"category","embeddable":true,"href":"https:\/\/indehahn.de\/index.php?rest_route=%2Fwp%2Fv2%2Fcategories&post=4476"},{"taxonomy":"post_tag","embeddable":true,"href":"https:\/\/indehahn.de\/index.php?rest_route=%2Fwp%2Fv2%2Ftags&post=4476"}],"curies":[{"name":"wp","href":"https:\/\/api.w.org\/{rel}","templated":true}]}}