{"id":4529,"date":"2003-10-05T00:00:00","date_gmt":"2003-10-04T22:00:00","guid":{"rendered":"http:\/\/inde-hahn.de\/?p=4529"},"modified":"2015-05-16T00:34:29","modified_gmt":"2015-05-15T22:34:29","slug":"kampf-und-einsatz-wurden-nicht-belohnt-erste-unterlag-beim-spitzenreiter-mit-12-toren","status":"publish","type":"post","link":"https:\/\/indehahn.de\/?p=4529","title":{"rendered":"Kampf und Einsatz wurden nicht belohnt &#8211; ERSTE unterlag beim Spitzenreiter mit 1:2 Toren"},"content":{"rendered":"<p>Am heutigen Sonntag stand die Reise zum Tabellenf\u00fchrer aus Eicherscheid auf dem Programm unserer ersten Mannschaft.<br \/>\nDie Heimelf war von Beginn tonangebend, wobei der Gast aus Hahn sein Gl\u00fcck im Konterspiel suchte. Aus einer tief gestaffelten Abwehr wurden schnell die Sturmspitzen Marko Heck und Elmar Croe gesucht. In der 13. Spielminute schloss Marko Heck einen dieser Konter erfolgreich ab &#8211; eine zu diesem Zeitpunkt etwas schmeichelhafte F\u00fchrung.<br \/>\nDer Druck der Heimelf wurde nun noch gr\u00f6\u00dfer und die Staffelung in der Hahner Hintermannschaft ging mehr und mehr verloren. Ein ums andere Mal musste Schlussmann Thomas B\u00fcgler kl\u00e4ren. In der 30. Minute fehlte nach einer Hereingabe die Zuordung und kurze Zeit sp\u00e4ter \u00fcberwand gar der eigene Mann Danni Klar seinen Mitspieler zwischen den Pfosten. So hie\u00df es zur Pause 1:2 aus Sicht der Hahner.<br \/>\nIn der zweiten Spielh\u00e4lfte hatten die Hahner dann mehr Spielanteile. Das Mittelfeld wurde schnell \u00fcberbr\u00fcckt, doch der letzte Zug zum Tor fehlte. Elmar Croe vergab per Kopf und Marko Heck konnte zwar den Schlussmann der Gastgeber mit einem Heber \u00fcberwinden, doch der Ball verfehlte knapp das Geh\u00e4use. Wenn am Ende auch kein Punkt gewonnen wurde, konnte man vor allem mit der k\u00e4mpferischen Einstellung und der Moral sehr zufrieden sein. Aufgrund der 2. Halbzeit w\u00e4re eine Punkteteilung durchaus verdient gewesen.<br \/>\nAm n\u00e4chsten Sonntag stellt sich nun eine weitere Mannschaft aus der Eifel am Kitzenhausweg vor. Um 11.00 Uhr ist Ansto\u00df gegen die Erstvertretung vom TV H\u00f6fen.<\/p>\n<div class=\"shariff\" data-title=\"Kampf und Einsatz wurden nicht belohnt &#8211; ERSTE unterlag beim Spitzenreiter mit 1:2 Toren\" data-info-url=\"http:\/\/ct.de\/-2467514\" data-backend-url=\"https:\/\/indehahn.de\/wp-content\/plugins\/shariff-sharing_UNUSED\/backend\/index.php\" data-temp=\"\/tmp\" data-ttl=\"60\" data-service=\"\" data-services='[\"facebook\",\"whatsapp\",\"mail\"]' data-image=\"\" data-url=\"https:\/\/indehahn.de\/?p=4529\" data-lang=\"de\" data-theme=\"color\" data-orientation=\"horizontal\"><\/div>","protected":false},"excerpt":{"rendered":"<p>Am heutigen Sonntag stand die Reise zum Tabellenf\u00fchrer aus Eicherscheid auf dem Programm unserer ersten Mannschaft. Die Heimelf war von Beginn tonangebend, wobei der Gast aus Hahn sein Gl\u00fcck im Konterspiel suchte. Aus einer&#46;&#46;&#46;<\/p>\n","protected":false},"author":2,"featured_media":0,"comment_status":"closed","ping_status":"closed","sticky":false,"template":"","format":"standard","meta":{"ngg_post_thumbnail":0,"footnotes":""},"categories":[11],"tags":[],"class_list":["post-4529","post","type-post","status-publish","format-standard","hentry","category-1-mannschaft"],"_links":{"self":[{"href":"https:\/\/indehahn.de\/index.php?rest_route=\/wp\/v2\/posts\/4529","targetHints":{"allow":["GET"]}}],"collection":[{"href":"https:\/\/indehahn.de\/index.php?rest_route=\/wp\/v2\/posts"}],"about":[{"href":"https:\/\/indehahn.de\/index.php?rest_route=\/wp\/v2\/types\/post"}],"author":[{"embeddable":true,"href":"https:\/\/indehahn.de\/index.php?rest_route=\/wp\/v2\/users\/2"}],"replies":[{"embeddable":true,"href":"https:\/\/indehahn.de\/index.php?rest_route=%2Fwp%2Fv2%2Fcomments&post=4529"}],"version-history":[{"count":1,"href":"https:\/\/indehahn.de\/index.php?rest_route=\/wp\/v2\/posts\/4529\/revisions"}],"predecessor-version":[{"id":4530,"href":"https:\/\/indehahn.de\/index.php?rest_route=\/wp\/v2\/posts\/4529\/revisions\/4530"}],"wp:attachment":[{"href":"https:\/\/indehahn.de\/index.php?rest_route=%2Fwp%2Fv2%2Fmedia&parent=4529"}],"wp:term":[{"taxonomy":"category","embeddable":true,"href":"https:\/\/indehahn.de\/index.php?rest_route=%2Fwp%2Fv2%2Fcategories&post=4529"},{"taxonomy":"post_tag","embeddable":true,"href":"https:\/\/indehahn.de\/index.php?rest_route=%2Fwp%2Fv2%2Ftags&post=4529"}],"curies":[{"name":"wp","href":"https:\/\/api.w.org\/{rel}","templated":true}]}}