{"id":4796,"date":"2009-05-11T11:24:41","date_gmt":"2009-05-11T09:24:41","guid":{"rendered":"http:\/\/inde-hahn.de\/?p=4796"},"modified":"2015-05-16T00:32:05","modified_gmt":"2015-05-15T22:32:05","slug":"hahner-laeufer-auch-beim-triathlon-in-brand-aktiv","status":"publish","type":"post","link":"https:\/\/indehahn.de\/?p=4796","title":{"rendered":"Hahner L\u00c4UFER auch beim Triathlon in Brand aktiv"},"content":{"rendered":"<p>Bei herrlichem Fr\u00fchsommerwetter veranstaltete der Brander SV am gestrigen Sonntag bereits zum 20. Mal ein gro\u00dfes Triathlon-Event. Auch in diesem Jahr waren wieder 7 Teilnehmer vom Lauftreff Inde Hahn dabei, die zeigten, dass auch L\u00e4ufer nicht nur laufen k\u00f6nnen. Mit Manfred Plum und Utz Br\u00fcnig waren darunter zwei Einzelk\u00e4mpfer, die die gesamte Distanz bestehend aus 500 m Schwimmen, 22 km Radfahren und 5 km Laufen zur\u00fccklegten. Manfred verbesserte dabei seine Zeit aus dem vergangenen Jahr um mehrere Minuten und erreichte nach 1 Stunde und 23 Minuten das Ziel. Auch Utz war hoch zufrieden, denn er absolvierte seinen allerersten Triathlon und den gleich in weniger als anderthalb Stunden. Die \u00fcbrigen 5 Hahner beteiligten sich an drei Staffeln, f\u00fcr die ebenfalls ein Wettbewerb angeboten wurde. Schnellster war Hubert Coenen, der als L\u00e4ufer im Team &#8222;Kohl automobile&#8220; den zweiten Platz belegte. Nur eineinhalb Minuten dahinter, aber trotzdem haarscharf am Treppchen vorbei landete das einzige reine Lauftreff-Team mit Schwimmer Lothar Alt, Radfahrer Stefan Cosler und L\u00e4ufer Norbert Kindel. Last but not least unsere einzige Dame &#8211; Andrea Falke belegte mit ihrem Breiniger Damenteam, in dem sie ebenfalls auf der Laufstrecke aktiv war, den 14. Platz. Gerade beim Staffelwettbewerb stand der Spa\u00dffaktor klar im Vordergrund und dank der hervorragenden Organisation seitens des Veranstalters war dieser sehr hoch, so dass wir auch im n\u00e4chsten Jahr sicher wieder einige Hahner Teilnehmer beim Brander Triathlon sehen werden.<\/p>\n<div class=\"shariff\" data-title=\"Hahner L\u00c4UFER auch beim Triathlon in Brand aktiv\" data-info-url=\"http:\/\/ct.de\/-2467514\" data-backend-url=\"https:\/\/indehahn.de\/wp-content\/plugins\/shariff-sharing_UNUSED\/backend\/index.php\" data-temp=\"\/tmp\" data-ttl=\"60\" data-service=\"\" data-services='[\"facebook\",\"whatsapp\",\"mail\"]' data-image=\"\" data-url=\"https:\/\/indehahn.de\/?p=4796\" data-lang=\"de\" data-theme=\"color\" data-orientation=\"horizontal\"><\/div>","protected":false},"excerpt":{"rendered":"<p>Bei herrlichem Fr\u00fchsommerwetter veranstaltete der Brander SV am gestrigen Sonntag bereits zum 20. Mal ein gro\u00dfes Triathlon-Event. Auch in diesem Jahr waren wieder 7 Teilnehmer vom Lauftreff Inde Hahn dabei, die zeigten, dass auch&#46;&#46;&#46;<\/p>\n","protected":false},"author":2,"featured_media":0,"comment_status":"closed","ping_status":"closed","sticky":false,"template":"","format":"standard","meta":{"ngg_post_thumbnail":0,"footnotes":""},"categories":[14],"tags":[],"class_list":["post-4796","post","type-post","status-publish","format-standard","hentry","category-lauftreff"],"_links":{"self":[{"href":"https:\/\/indehahn.de\/index.php?rest_route=\/wp\/v2\/posts\/4796","targetHints":{"allow":["GET"]}}],"collection":[{"href":"https:\/\/indehahn.de\/index.php?rest_route=\/wp\/v2\/posts"}],"about":[{"href":"https:\/\/indehahn.de\/index.php?rest_route=\/wp\/v2\/types\/post"}],"author":[{"embeddable":true,"href":"https:\/\/indehahn.de\/index.php?rest_route=\/wp\/v2\/users\/2"}],"replies":[{"embeddable":true,"href":"https:\/\/indehahn.de\/index.php?rest_route=%2Fwp%2Fv2%2Fcomments&post=4796"}],"version-history":[{"count":1,"href":"https:\/\/indehahn.de\/index.php?rest_route=\/wp\/v2\/posts\/4796\/revisions"}],"predecessor-version":[{"id":4797,"href":"https:\/\/indehahn.de\/index.php?rest_route=\/wp\/v2\/posts\/4796\/revisions\/4797"}],"wp:attachment":[{"href":"https:\/\/indehahn.de\/index.php?rest_route=%2Fwp%2Fv2%2Fmedia&parent=4796"}],"wp:term":[{"taxonomy":"category","embeddable":true,"href":"https:\/\/indehahn.de\/index.php?rest_route=%2Fwp%2Fv2%2Fcategories&post=4796"},{"taxonomy":"post_tag","embeddable":true,"href":"https:\/\/indehahn.de\/index.php?rest_route=%2Fwp%2Fv2%2Ftags&post=4796"}],"curies":[{"name":"wp","href":"https:\/\/api.w.org\/{rel}","templated":true}]}}