{"id":4806,"date":"2009-05-03T11:27:42","date_gmt":"2009-05-03T09:27:42","guid":{"rendered":"http:\/\/inde-hahn.de\/?p=4806"},"modified":"2015-05-16T00:32:05","modified_gmt":"2015-05-15T22:32:05","slug":"1-mannschaft-laesst-auch-in-werth-federn","status":"publish","type":"post","link":"https:\/\/indehahn.de\/?p=4806","title":{"rendered":"1. MANNSCHAFT l\u00e4sst auch in Werth Federn"},"content":{"rendered":"<p>W\u00e4hrend die beiden Hauptkonkurrenten um die vorderen Pl\u00e4tze, der FC Roetgen und der VfL Vichttal, unerwartet strauchelten bzw. weiterhin ihrem Negativtrend treu blieben, konnte unsere Erste daraus nicht das erwartete Kapital schlagen. Beim heutigen Ausw\u00e4rtsspiel bei der SG Werth\/Gressenich kam man nicht \u00fcber ein 3:3-Unentschieden hinaus.<br \/>\nDie Heimelf kam durch den fr\u00fchen F\u00fchrungstreffer per Kopf besser ins Spiel. Doch unsere Mannschaft hatte die richtige Antwort parat: Tobi Szymanski traf per Freisto\u00df zum Ausgleich. Nur f\u00fcnf Minuten sp\u00e4ter sah Christian Wanders keine Anspielstation und hielt einfach mal drauf &#8211; sein Schuss schlug unhaltbar im langen Eck ein und bescherte den Hahnern erstmals die F\u00fchrung. Wiederum nur kurze Zeit sp\u00e4ter hatte wiederum Wanders die Zweitore-F\u00fchrung auf dem Fu\u00df, doch der Abschluss eines tollen Konters verfehlte sein Ziel. Als der sichere leitende Schiedsrichter kurz vor der Halbzeitpause nach Foul an Wanders auf den Punkt zeigte, ergab sich eine weitere Gelegenheit mit einem beruhigenden Vorsprung in die Pause zu gehen, doch Denis Kalic lie\u00df sich diese Gelegenheit entgehen.<br \/>\nIm zweiten Durchgang kam unser Team zun\u00e4chst gut ins Spiel &#8211; die Abwehr stand sicher und man nutzte im Spiel nach vorne klug die sich bietenden R\u00e4ume. So war es dann auch eine gro\u00dfe \u00dcberraschung, dass Werth zum Ausgleich kam, als eine Freisto\u00dfhereingabe nicht gekl\u00e4rt werden konnte. Doch die Hahner Elf stand nochmals auf und fand den Weg zur\u00fcck auf die Siegerstra\u00dfe. Tobi Szymanski war im Strafraum elfmeterw\u00fcrdig zu Fall gebracht worden und diesmal war es David Denzel, der die Verantwortung \u00fcbernahm und zur erneuten F\u00fchrung traf. Schlie\u00dflich war man aber in der anschlie\u00dfenden Phase nicht in der Lage, die gef\u00e4hrlichen Hereingaben des Gegners zu unterbinden. Eine davon fand erneut den Weg ins Hahner Geh\u00e4use, so dass die Partie schlie\u00dflich 3:3 endete.<br \/>\nTrainer Oliver Heinrichs: &#8222;Wieder einmal ein unn\u00f6tiger und vermeidbarer Punktverlust! Wir haben uns durch Unaufmerksamkeiten bei allen drei Gegentoren um den verdienten Lohn gebracht. Das ist nat\u00fcrlich nach den Vorlagen der Gegner besonders bitter und ent\u00e4uschend. Da uns die direkten Duelle in den letzten Spielen fehlen und die Spiele zwangsl\u00e4ufig weniger werden, wird es immer unrealistischer, dass wir vorne nochmal eingreifen k\u00f6nnen. In dieser Liga hat bei den derzeitigen Leistungen im Grunde niemand den Aufstieg verdient, doch einer muss es am Ende wohl machen.&#8220;<\/p>\n<div class=\"shariff\" data-title=\"1. MANNSCHAFT l\u00e4sst auch in Werth Federn\" data-info-url=\"http:\/\/ct.de\/-2467514\" data-backend-url=\"https:\/\/indehahn.de\/wp-content\/plugins\/shariff-sharing_UNUSED\/backend\/index.php\" data-temp=\"\/tmp\" data-ttl=\"60\" data-service=\"\" data-services='[\"facebook\",\"whatsapp\",\"mail\"]' data-image=\"\" data-url=\"https:\/\/indehahn.de\/?p=4806\" data-lang=\"de\" data-theme=\"color\" data-orientation=\"horizontal\"><\/div>","protected":false},"excerpt":{"rendered":"<p>W\u00e4hrend die beiden Hauptkonkurrenten um die vorderen Pl\u00e4tze, der FC Roetgen und der VfL Vichttal, unerwartet strauchelten bzw. weiterhin ihrem Negativtrend treu blieben, konnte unsere Erste daraus nicht das erwartete Kapital schlagen. Beim heutigen&#46;&#46;&#46;<\/p>\n","protected":false},"author":2,"featured_media":0,"comment_status":"closed","ping_status":"closed","sticky":false,"template":"","format":"standard","meta":{"ngg_post_thumbnail":0,"footnotes":""},"categories":[11],"tags":[],"class_list":["post-4806","post","type-post","status-publish","format-standard","hentry","category-1-mannschaft"],"_links":{"self":[{"href":"https:\/\/indehahn.de\/index.php?rest_route=\/wp\/v2\/posts\/4806","targetHints":{"allow":["GET"]}}],"collection":[{"href":"https:\/\/indehahn.de\/index.php?rest_route=\/wp\/v2\/posts"}],"about":[{"href":"https:\/\/indehahn.de\/index.php?rest_route=\/wp\/v2\/types\/post"}],"author":[{"embeddable":true,"href":"https:\/\/indehahn.de\/index.php?rest_route=\/wp\/v2\/users\/2"}],"replies":[{"embeddable":true,"href":"https:\/\/indehahn.de\/index.php?rest_route=%2Fwp%2Fv2%2Fcomments&post=4806"}],"version-history":[{"count":1,"href":"https:\/\/indehahn.de\/index.php?rest_route=\/wp\/v2\/posts\/4806\/revisions"}],"predecessor-version":[{"id":4807,"href":"https:\/\/indehahn.de\/index.php?rest_route=\/wp\/v2\/posts\/4806\/revisions\/4807"}],"wp:attachment":[{"href":"https:\/\/indehahn.de\/index.php?rest_route=%2Fwp%2Fv2%2Fmedia&parent=4806"}],"wp:term":[{"taxonomy":"category","embeddable":true,"href":"https:\/\/indehahn.de\/index.php?rest_route=%2Fwp%2Fv2%2Fcategories&post=4806"},{"taxonomy":"post_tag","embeddable":true,"href":"https:\/\/indehahn.de\/index.php?rest_route=%2Fwp%2Fv2%2Ftags&post=4806"}],"curies":[{"name":"wp","href":"https:\/\/api.w.org\/{rel}","templated":true}]}}