{"id":4853,"date":"2009-03-22T14:35:02","date_gmt":"2009-03-22T13:35:02","guid":{"rendered":"http:\/\/inde-hahn.de\/?p=4853"},"modified":"2015-05-16T20:38:22","modified_gmt":"2015-05-16T18:38:22","slug":"aufatmen-bei-der-zweiten-endlich-wieder-ein-dreier","status":"publish","type":"post","link":"https:\/\/indehahn.de\/?p=4853","title":{"rendered":"Aufatmen bei der ZWEITEN &#8211; endlich wieder ein Dreier"},"content":{"rendered":"<p><a href=\"http:\/\/indehahn.de\/wp-content\/uploads\/2009\/03\/ZweiteGegenMuetzenich2009-8.jpg\" data-rel=\"lightbox-image-0\" data-rl_title=\"\" data-rl_caption=\"\" title=\"\"><img loading=\"lazy\" decoding=\"async\" src=\"http:\/\/indehahn.de\/wp-content\/uploads\/2009\/03\/ZweiteGegenMuetzenich2009-8.jpg\" alt=\"\" width=\"422\" height=\"350\" class=\"alignnone size-full wp-image-6583\" srcset=\"https:\/\/indehahn.de\/wp-content\/uploads\/2009\/03\/ZweiteGegenMuetzenich2009-8.jpg 422w, https:\/\/indehahn.de\/wp-content\/uploads\/2009\/03\/ZweiteGegenMuetzenich2009-8-300x249.jpg 300w, https:\/\/indehahn.de\/wp-content\/uploads\/2009\/03\/ZweiteGegenMuetzenich2009-8-181x150.jpg 181w\" sizes=\"auto, (max-width: 422px) 100vw, 422px\" \/><\/a><\/p>\n<p>Nach zuletzt sechs sieglosen Partien begann das Spiel unserer 2. Mannschaft gegen den Tabellensechsten TuS M\u00fctzenich mit positiven Nachrichten, denn mit dem lange verletzten Ben Franck und dem ebenfalls l\u00e4nger erkrankten Yannick Ney meldeten sich gleich zwei Stammspieler zur\u00fcck. Da sich auch dankenswerterweise Oldie Frank Stollmann wieder zur Verf\u00fcgung stellte, standen Trainer Udo Sieger insgesamt 14 Spieler zur Verf\u00fcgung &#8211; das war zuletzt leider nicht immer so. Unter guter Schiedsrichterleistung begann unsere Mannschaft sehr engagiert und druckvoll und erarbeitete sich bereits in den ersten 20 Minuten vier tolle Chancen. Allein Ben Franck scheiterte dreimal denkbar knapp: ein Schuss verfehlte das Ziel um einen Meter, ein Kopfball wurde von der Linie gekratzt und ein weiterer Kopfball landete am Lattenkreuz. Doch dann endlich die hochverdiente F\u00fchrung, als Marcel Krings einen Abpraller zum 1:0 verwertete. Danach verflachte das Spiel ein wenig und man merkte den Hahnern trotz F\u00fchrung die Verunsicherung der letzten Wochen an. Nach einer guten halben Stunde aber doch wieder ein herrlicher Angriff &#8211; endlich \u00fcber au\u00dfen vorgetragen &#8211; und Sven Sturm k\u00f6pfte aus fast unm\u00f6glichem Winkel eine tolle Flanke von Marvin Kieven unhaltbar ins Netz. Dass der Gegner bis zur Pause nicht verk\u00fcrzte lag vor allem an Torh\u00fcter Jens Decker, der mit einem guten Reflex das Anschlusstor verhinderte.<br \/>\nNach der Pause spielte M\u00fctzenich &#8222;Alles oder Nichts&#8220;, wechselte insgesamt drei Mal und l\u00f6ste die Liberoposition auf. Dadurch bekamen unsere Angreifer nun mehr Spielraum und es ergaben sich 4-5 hervorragende Konterchancen, bei denen oft nur ein wenig Kaltschn\u00e4uzigkeit fehlte. Ein 3:0 h\u00e4tte diese Partie sicher vorzeitig entschieden. So musste man noch kr\u00e4ftig zittern &#8211; vor allem zwischen der 70. und 80. Minute lie\u00dfen die M\u00fctzenicher einige Chancen fahrl\u00e4ssig liegen oder scheiterten erneut am heute gut aufgelegten Jens Decker. Auch der eingewechselte Frank Stollmann setzte in der letzten Viertelstunde noch zwei Akzente, als er einmal knapp am Tor vorbei zielte und schlie\u00dflich am gegnerischen Torwart scheiterte. So blieb es bis zum Spielende beim 2:0-Sieg, der unserer Mannschaft ein wenig Luft im Abstiegskampf verschafft.<br \/>\nTrainer Udo Sieger: &#8222;Dieses Spiel h\u00e4tte auch 4:2 oder 5:3 enden k\u00f6nnen, aber der Sieg war eindeutig verdient und daf\u00fcr muss ich meiner Mannschaft ein gro\u00dfes Kompliment machen. Allerdings muss ich weiter mahnen, denn wir m\u00fcssen in der kommenden Woche beim Training wieder konzentriert zu Werke gehen und am Sonntag in Eicherscheid gegen einen Gegner auf Augenh\u00f6he nachlegen. So k\u00f6nnten wir die gr\u00f6\u00dfte Misere zumindest vorerst stoppen.&#8220;<\/p>\n<p><a href=\"http:\/\/galerie.indehahn.de\/FussballSenioren\/2008-2009\/ZweiteGegenMuetzenich\" target=\"_blank\">FOTOS<\/a><\/p>\n<div class=\"shariff\" data-title=\"Aufatmen bei der ZWEITEN &#8211; endlich wieder ein Dreier\" data-info-url=\"http:\/\/ct.de\/-2467514\" data-backend-url=\"https:\/\/indehahn.de\/wp-content\/plugins\/shariff-sharing_UNUSED\/backend\/index.php\" data-temp=\"\/tmp\" data-ttl=\"60\" data-service=\"\" data-services='[\"facebook\",\"whatsapp\",\"mail\"]' data-image=\"http:\/\/indehahn.de\/wp-content\/uploads\/2009\/03\/ZweiteGegenMuetzenich2009-8.jpg\" data-url=\"https:\/\/indehahn.de\/?p=4853\" data-lang=\"de\" data-theme=\"color\" data-orientation=\"horizontal\"><\/div>","protected":false},"excerpt":{"rendered":"<p>Nach zuletzt sechs sieglosen Partien begann das Spiel unserer 2. Mannschaft gegen den Tabellensechsten TuS M\u00fctzenich mit positiven Nachrichten, denn mit dem lange verletzten Ben Franck und dem ebenfalls l\u00e4nger erkrankten Yannick Ney meldeten&#46;&#46;&#46;<\/p>\n","protected":false},"author":2,"featured_media":0,"comment_status":"closed","ping_status":"closed","sticky":false,"template":"","format":"standard","meta":{"ngg_post_thumbnail":0,"footnotes":""},"categories":[12],"tags":[],"class_list":["post-4853","post","type-post","status-publish","format-standard","hentry","category-2-mannschaft"],"_links":{"self":[{"href":"https:\/\/indehahn.de\/index.php?rest_route=\/wp\/v2\/posts\/4853","targetHints":{"allow":["GET"]}}],"collection":[{"href":"https:\/\/indehahn.de\/index.php?rest_route=\/wp\/v2\/posts"}],"about":[{"href":"https:\/\/indehahn.de\/index.php?rest_route=\/wp\/v2\/types\/post"}],"author":[{"embeddable":true,"href":"https:\/\/indehahn.de\/index.php?rest_route=\/wp\/v2\/users\/2"}],"replies":[{"embeddable":true,"href":"https:\/\/indehahn.de\/index.php?rest_route=%2Fwp%2Fv2%2Fcomments&post=4853"}],"version-history":[{"count":2,"href":"https:\/\/indehahn.de\/index.php?rest_route=\/wp\/v2\/posts\/4853\/revisions"}],"predecessor-version":[{"id":6584,"href":"https:\/\/indehahn.de\/index.php?rest_route=\/wp\/v2\/posts\/4853\/revisions\/6584"}],"wp:attachment":[{"href":"https:\/\/indehahn.de\/index.php?rest_route=%2Fwp%2Fv2%2Fmedia&parent=4853"}],"wp:term":[{"taxonomy":"category","embeddable":true,"href":"https:\/\/indehahn.de\/index.php?rest_route=%2Fwp%2Fv2%2Fcategories&post=4853"},{"taxonomy":"post_tag","embeddable":true,"href":"https:\/\/indehahn.de\/index.php?rest_route=%2Fwp%2Fv2%2Ftags&post=4853"}],"curies":[{"name":"wp","href":"https:\/\/api.w.org\/{rel}","templated":true}]}}