{"id":5756,"date":"2004-04-25T00:00:24","date_gmt":"2004-04-24T22:00:24","guid":{"rendered":"http:\/\/inde-hahn.de\/?p=5756"},"modified":"2015-05-16T00:34:05","modified_gmt":"2015-05-15T22:34:05","slug":"vorbereitungen-fuer-das-hahner-sommerfest-2004-laufen-auf-hochtouren","status":"publish","type":"post","link":"https:\/\/indehahn.de\/?p=5756","title":{"rendered":"Vorbereitungen f\u00fcr das Hahner Sommerfest 2004 laufen auf Hochtouren"},"content":{"rendered":"<p>Seit einigen Wochen geht es wieder richtig rund bei den regelm\u00e4\u00dfigen Sitzungen der Verantwortlichen unserer Jugendabteilung. Schlie\u00dflich sind es nur noch gut zwei Monate bis zu unserem gro\u00dfen Sommerfest, das vom <b>2. bis 4. Juli<\/b> stattfinden wird. In stundenlangen Besprechungen werden unter Leitung von Chef-Organisator und Jugendleiter Dietmar Halterbeck bei jederzeit sehr lockerer Stimmung Pl\u00e4ne gemacht, Ideen diskutiert und Aufgaben verteilt. Denn auch in diesem Jahr m\u00f6chten wir unseren Besuchern wieder etwas ganz Besonderes bieten und an den gro\u00dfen Erfolg unseres ersten Sommerfestes im vergangenen Jahr ankn\u00fcpfen.<br \/>\nUnter Beteiligung aller Abteilungen des Vereins werden wir an 3 Tagen ein prall gef\u00fclltes Programm mit vielen sportlichen Highlights bieten. Da ist f\u00fcr alle etwas dabei und jeder von euch sollte sich den Termin schon jetzt fett in sein Notizbuch schreiben.<br \/>\nDen Auftakt machen bereits am Freitagabend unsere Fu\u00dfball-Senioren in einem Spiel gegen die mit gro\u00dfen Namen gespickte Traditionself von Alemannia Aachen. Das wird bestimmt eine tolle Sache, die ehemaligen Profi-Kicker nochmal live auf dem Hahner Rasen bewundern zu d\u00fcrfen.<br \/>\nDer Samstag steht ganz im Zeichen des Jugendfu\u00dfballs. Insgesamt 24 Mannschaften werden um die Siegerpokale in den Altersklassen E, F und Bambini k\u00e4mpfen. Am Abend k\u00f6nnen dann die Eltern der Fu\u00dfballkinder betreut von ihren Spr\u00f6sslingen beim U100-Turnier zeigen, dass auch sie noch mit dem runden Leder umgehen k\u00f6nnen. Zwischendurch gibt es \u00fcber den Tag verteilt ein paar richtige Knaller, \u00fcber die wir hier noch nicht zu viel verraten wollen. Abgerundet wird der Samstag vom gro\u00dfen Feuerwerk nach Sonnenuntergang, das wie 2003 alle Zuschauer fesseln und begeistern wird.<br \/>\nDer Sonntag beginnt mit der zweiten Auflage unseres Hahner Kitzenhaus-Laufs, einem Volkslauf, bei dem in diesem Jahr neben der 10-km-Strecke und dem Kinderlauf auch ein Lauf \u00fcber 5 km angeboten wird. Schon im letzten Jahr hatten wir mehr als 100 Teilnehmer am Start und diesmal sollen es nat\u00fcrlich noch ein paar mehr werden. W\u00e4hrend des langen Laufes werden unsere Volleyballgruppen die Zuschauer mit einem Spiel unter freiem Himmel unterhalten. Nachmittag und Abend stehen dann wieder ganz im Zeichen des Fu\u00dfballs wenn die Gro\u00dfen von der B-Jugend ihr Turnier spielen, anschlie\u00dfend die Alten Herren ihr Bestes geben und wir den Abend mit dem Endspiel des Europameisterschaft in Portugal beschlie\u00dfen. Es w\u00e4re nat\u00fcrlich richtig toll, wenn da auch noch die deutsche Mannschaft dabei w\u00e4re &#8230;.. aber das k\u00f6nnte wohl eng werden.<br \/>\nIhr seht an dieser kurzen \u00dcbersicht, die nicht einmal vollst\u00e4ndig ist, dass es richtig viel zu tun gibt &#8211; allein die Bereitstellung der Verpflegung f\u00fcr Besucher und Aktive, von denen insgesamt viele Hundert erwartet werden, stellt uns vor eine riesengro\u00dfe Aufgabe. Aber gemeinsam und mit der tatkr\u00e4ftigen Unterst\u00fctzung von Helmut Jentges und den anderen Vorstandsmitgliedern werden wir das Kind schon schaukeln und wieder ein Event auf die Beine stellen, bei dem man einfach dabei sein muss.<\/p>\n<div class=\"shariff\" data-title=\"Vorbereitungen f\u00fcr das Hahner Sommerfest 2004 laufen auf Hochtouren\" data-info-url=\"http:\/\/ct.de\/-2467514\" data-backend-url=\"https:\/\/indehahn.de\/wp-content\/plugins\/shariff-sharing_UNUSED\/backend\/index.php\" data-temp=\"\/tmp\" data-ttl=\"60\" data-service=\"\" data-services='[\"facebook\",\"whatsapp\",\"mail\"]' data-image=\"\" data-url=\"https:\/\/indehahn.de\/?p=5756\" data-lang=\"de\" data-theme=\"color\" data-orientation=\"horizontal\"><\/div>","protected":false},"excerpt":{"rendered":"<p>Seit einigen Wochen geht es wieder richtig rund bei den regelm\u00e4\u00dfigen Sitzungen der Verantwortlichen unserer Jugendabteilung. Schlie\u00dflich sind es nur noch gut zwei Monate bis zu unserem gro\u00dfen Sommerfest, das vom 2. bis 4.&#46;&#46;&#46;<\/p>\n","protected":false},"author":2,"featured_media":0,"comment_status":"closed","ping_status":"closed","sticky":false,"template":"","format":"standard","meta":{"ngg_post_thumbnail":0,"footnotes":""},"categories":[29],"tags":[],"class_list":["post-5756","post","type-post","status-publish","format-standard","hentry","category-sommerfest"],"_links":{"self":[{"href":"https:\/\/indehahn.de\/index.php?rest_route=\/wp\/v2\/posts\/5756","targetHints":{"allow":["GET"]}}],"collection":[{"href":"https:\/\/indehahn.de\/index.php?rest_route=\/wp\/v2\/posts"}],"about":[{"href":"https:\/\/indehahn.de\/index.php?rest_route=\/wp\/v2\/types\/post"}],"author":[{"embeddable":true,"href":"https:\/\/indehahn.de\/index.php?rest_route=\/wp\/v2\/users\/2"}],"replies":[{"embeddable":true,"href":"https:\/\/indehahn.de\/index.php?rest_route=%2Fwp%2Fv2%2Fcomments&post=5756"}],"version-history":[{"count":1,"href":"https:\/\/indehahn.de\/index.php?rest_route=\/wp\/v2\/posts\/5756\/revisions"}],"predecessor-version":[{"id":5757,"href":"https:\/\/indehahn.de\/index.php?rest_route=\/wp\/v2\/posts\/5756\/revisions\/5757"}],"wp:attachment":[{"href":"https:\/\/indehahn.de\/index.php?rest_route=%2Fwp%2Fv2%2Fmedia&parent=5756"}],"wp:term":[{"taxonomy":"category","embeddable":true,"href":"https:\/\/indehahn.de\/index.php?rest_route=%2Fwp%2Fv2%2Fcategories&post=5756"},{"taxonomy":"post_tag","embeddable":true,"href":"https:\/\/indehahn.de\/index.php?rest_route=%2Fwp%2Fv2%2Ftags&post=5756"}],"curies":[{"name":"wp","href":"https:\/\/api.w.org\/{rel}","templated":true}]}}