{"id":6034,"date":"2004-11-06T01:00:41","date_gmt":"2004-11-06T00:00:41","guid":{"rendered":"http:\/\/inde-hahn.de\/?p=6034"},"modified":"2015-05-24T23:01:17","modified_gmt":"2015-05-24T21:01:17","slug":"einweihung-des-neuen-sportplatzes-mit-aachener-ob-dr-juergen-linden","status":"publish","type":"post","link":"https:\/\/indehahn.de\/?p=6034","title":{"rendered":"EINWEIHUNG des NEUEN SPORTPLATZES mit Aachener OB Dr. J\u00fcrgen Linden"},"content":{"rendered":"<p><a href=\"http:\/\/indehahn.de\/wp-content\/uploads\/2004\/11\/EinweihungSportplatz402.jpg\" data-rel=\"lightbox-image-0\" data-rl_title=\"\" data-rl_caption=\"\" title=\"\"><img loading=\"lazy\" decoding=\"async\" src=\"http:\/\/indehahn.de\/wp-content\/uploads\/2004\/11\/EinweihungSportplatz402-300x242.jpg\" alt=\"\" width=\"300\" height=\"242\" class=\"alignnone size-medium wp-image-6988\" srcset=\"https:\/\/indehahn.de\/wp-content\/uploads\/2004\/11\/EinweihungSportplatz402-300x242.jpg 300w, https:\/\/indehahn.de\/wp-content\/uploads\/2004\/11\/EinweihungSportplatz402-186x150.jpg 186w, https:\/\/indehahn.de\/wp-content\/uploads\/2004\/11\/EinweihungSportplatz402.jpg 372w\" sizes=\"auto, (max-width: 300px) 100vw, 300px\" \/><\/a><\/p>\n<p>F\u00fcr den Samstagvormittag hatte sich hoher Besuch auf unserem neuen Sportgel\u00e4nde angesagt. Der Aachener Oberb\u00fcrgermeister Dr. J\u00fcrgen Linden wollte sich pers\u00f6nlich vom Gelingen der Umbauma\u00dfnahmen \u00fcberzeugen und dem ganzen Projekt gewisserma\u00dfen den offiziellen Segen geben. Bei leider regnerischem Wetter und musikalischer Begleitung durch den Hahner Musikverein waren auch einige weitere interessierte Kommunalpolitiker, Vertreter der am Umbau beteiligten Firmen und selbstverst\u00e4ndlich viele Vereinsmitglieder erschienen.<br \/>\nDer Vereinsvorsitzende Hans-J\u00fcrgen Kindel begr\u00fc\u00dfte die G\u00e4ste und bedankte sich f\u00fcr die jederzeit hervorragende Zusammenarbeit, die den schnellen Fortschritt der Bauma\u00dfnahmen erst erm\u00f6glicht hat. Insbesondere das rekordverd\u00e4chtig schnelle Genehmigungsverfahren seitens der st\u00e4dtischen Gremien wurde lobend erw\u00e4hnt. Das ist schlie\u00dflich in unserem Land leider nicht unbedingt eine Selbstverst\u00e4ndlichkeit. Auch das Lob f\u00fcr den vereinsseitigen \u201cBauleiter\u201d durfte nicht fehlen. Gemeint ist nat\u00fcrlich Helmut Jentges, der wirklich jeden einzelnen Tag des Umbaus aktiv begleitet und diverse Detail-Arbeiten oft zusammen mit Heinrich Esser selbst ausgef\u00fchrt hat.<br \/>\nDer Oberb\u00fcrgermeister lobte in seiner Antwort neben diesem Einsatz insbesondere auch das immense Engagement der Sponsoren, die den Umbau finanziell erm\u00f6glicht und damit die Voraussetzungen f\u00fcr eine weiterhin erfolgreiche Jugendarbeit geschaffen haben. Auf diese soziale Komponente legte der OB besonderen Wert und besonderen Spa\u00df machte es dem bekennenden Alemannia-Fan, w\u00e4hrend seiner Rede Tore von Jungs in Schwarz-Gelb erzielt zu sehen. Beim anschlie\u00dfenden Rundgang \u00fcber das Gel\u00e4nde zeigte er sich wie alle anderen G\u00e4ste sehr angetan von unserem neuen Sportplatz. Und nach dem offiziellen Teil der Veranstaltung gab Gelegenheit zu weiteren interessanten Gespr\u00e4che im Vereinsheim bei Sekt und leckeren Schnittchen.<\/p>\n<p><a href=\"http:\/\/galerie.indehahn.de\/Vereinsleben\/2004\/SportplatzEinweihung\" target=\"_blank\">FOTOS<\/a><\/p>\n<div class=\"shariff\" data-title=\"EINWEIHUNG des NEUEN SPORTPLATZES mit Aachener OB Dr. J\u00fcrgen Linden\" data-info-url=\"http:\/\/ct.de\/-2467514\" data-backend-url=\"https:\/\/indehahn.de\/wp-content\/plugins\/shariff-sharing_UNUSED\/backend\/index.php\" data-temp=\"\/tmp\" data-ttl=\"60\" data-service=\"\" data-services='[\"facebook\",\"whatsapp\",\"mail\"]' data-image=\"http:\/\/indehahn.de\/wp-content\/uploads\/2004\/11\/EinweihungSportplatz402-300x242.jpg\" data-url=\"https:\/\/indehahn.de\/?p=6034\" data-lang=\"de\" data-theme=\"color\" data-orientation=\"horizontal\"><\/div>","protected":false},"excerpt":{"rendered":"<p>F\u00fcr den Samstagvormittag hatte sich hoher Besuch auf unserem neuen Sportgel\u00e4nde angesagt. Der Aachener Oberb\u00fcrgermeister Dr. J\u00fcrgen Linden wollte sich pers\u00f6nlich vom Gelingen der Umbauma\u00dfnahmen \u00fcberzeugen und dem ganzen Projekt gewisserma\u00dfen den offiziellen Segen&#46;&#46;&#46;<\/p>\n","protected":false},"author":2,"featured_media":0,"comment_status":"closed","ping_status":"closed","sticky":false,"template":"","format":"standard","meta":{"ngg_post_thumbnail":0,"footnotes":""},"categories":[1],"tags":[],"class_list":["post-6034","post","type-post","status-publish","format-standard","hentry","category-verein"],"_links":{"self":[{"href":"https:\/\/indehahn.de\/index.php?rest_route=\/wp\/v2\/posts\/6034","targetHints":{"allow":["GET"]}}],"collection":[{"href":"https:\/\/indehahn.de\/index.php?rest_route=\/wp\/v2\/posts"}],"about":[{"href":"https:\/\/indehahn.de\/index.php?rest_route=\/wp\/v2\/types\/post"}],"author":[{"embeddable":true,"href":"https:\/\/indehahn.de\/index.php?rest_route=\/wp\/v2\/users\/2"}],"replies":[{"embeddable":true,"href":"https:\/\/indehahn.de\/index.php?rest_route=%2Fwp%2Fv2%2Fcomments&post=6034"}],"version-history":[{"count":2,"href":"https:\/\/indehahn.de\/index.php?rest_route=\/wp\/v2\/posts\/6034\/revisions"}],"predecessor-version":[{"id":6989,"href":"https:\/\/indehahn.de\/index.php?rest_route=\/wp\/v2\/posts\/6034\/revisions\/6989"}],"wp:attachment":[{"href":"https:\/\/indehahn.de\/index.php?rest_route=%2Fwp%2Fv2%2Fmedia&parent=6034"}],"wp:term":[{"taxonomy":"category","embeddable":true,"href":"https:\/\/indehahn.de\/index.php?rest_route=%2Fwp%2Fv2%2Fcategories&post=6034"},{"taxonomy":"post_tag","embeddable":true,"href":"https:\/\/indehahn.de\/index.php?rest_route=%2Fwp%2Fv2%2Ftags&post=6034"}],"curies":[{"name":"wp","href":"https:\/\/api.w.org\/{rel}","templated":true}]}}