{"id":6234,"date":"2005-08-25T09:07:38","date_gmt":"2005-08-25T07:07:38","guid":{"rendered":"http:\/\/inde-hahn.de\/?p=6234"},"modified":"2015-05-16T00:33:34","modified_gmt":"2015-05-15T22:33:34","slug":"1-mannschaft-geht-gut-vorbereitet-in-die-neue-saison","status":"publish","type":"post","link":"https:\/\/indehahn.de\/?p=6234","title":{"rendered":"1. MANNSCHAFT geht gut vorbereitet in die neue Saison"},"content":{"rendered":"<p>Nachdem am Ende der letzten Saison einige Punkte zum Aufstieg fehlten, wurde in der Sommerpause zun\u00e4chst die personelle Ausgangslage weiter verbessert. Zum Kader der Ersten stie\u00dfen 13 neue Spieler. Das ist sicherlich nicht die Norm f\u00fcr einen B-Ligisten, doch lag in der Vergangenheit der Altersdurchschnitt sehr hoch und das machte sich auch in der unregelm\u00e4\u00dfigen Trainingsbeteiligung und h\u00e4ufig wechselnden Mannschaftsaufstellungen bemerkbar. Diesem Problem musste man begegnen, um zuk\u00fcnftig solche Engp\u00e4sse zu vermeiden.<br \/>\nDie Neuen sind im einzelnen: Thomas Lentzen (RW Eynatten), Mirko Braun (RW Eynatten), Guido Thomas (RW Eynatten), Markus Matros (RW Eynatten), Daniel Quadflieg (Borussia Brand), Sascha Schmidtke (VfR Venwegen), Dennis Schmidtke (SV Eilendorf), Dario Pedro (JSC Aachen), Stefan Ressel (VfJ Laurensberg), Dirk Hermanns (Raspo Brand),<br \/>\nAndi Staudacher (Germania Freund), Paul Kaczmarski (Rhen. Richterich), Alex Wunderlich (Birkenfeld &#8211; Rheinland-Pfalz).<br \/>\nSechs Wochen der Vorbereitung liegen nun hinter unserer Mannschaft. Dies sind 6 Wochen des Schwitzens, Laufens, der Ausdauer aber auch des Kennenlernens. In einigen Testspielen lie\u00df die neu formierte Mannschaft ihr K\u00f6nnen aufblitzen. Die Ergebnisse dieser Spiele lassen einiges erhoffen. Trotzdem tritt Trainer Oliver Heinrichs auf die Euphoriebremse: &#8222;Sicherlich haben wir einige gute Ergebnisse erzielt und auch an den vielen Trainingstagen gut gearbeitet, aber keines dieser Testspiele und keines dieser Ergebnisse hat uns einen Punkt n\u00e4her zu unserem Ziel gebracht. Erst ab dem 28.8. wird es ernst, denn dann geht es um die ersten Punkte. Alle neuen Spieler haben sich gut eingew\u00f6hnt, jeder hat w\u00e4hrend den Testspielen einige Chancen bekommen, sich zu zeigen. Alles in allem haben das auch alle getan und es mir damit f\u00fcr die anstehenden Meisterschaftsspiele ziemlich schwer gemacht. Wir werden voraussichtlich mit einem Kader von 14 Spielern in die Meisterschaftsspiele gehen, so dass einige die 2. Mannschaft verst\u00e4rken werden. Das mag dann f\u00fcr diejenigen hart sein, denn man w\u00fcrde wahrscheinlich in jeder anderen Mannschaft der Liga spielen. Trotzdem sei diesen Spielern gesagt, dass es sich nat\u00fcrlich nicht um eine endg\u00fcltige Entscheidung handelt und jeder erneut seine Chancen bekommen wird, die es dann zu nutzen gilt.&#8220;<br \/>\nMan darf auf jeden Fall gespannt sein und sich auf die neue Saison unserer Ersten freuen, die am kommenden Sonntag mit einem Ausw\u00e4rtsspiel bei der Zweitvertretung vom FC Eintracht Kornelim\u00fcnster beginnen wird.<\/p>\n<div class=\"shariff\" data-title=\"1. MANNSCHAFT geht gut vorbereitet in die neue Saison\" data-info-url=\"http:\/\/ct.de\/-2467514\" data-backend-url=\"https:\/\/indehahn.de\/wp-content\/plugins\/shariff-sharing_UNUSED\/backend\/index.php\" data-temp=\"\/tmp\" data-ttl=\"60\" data-service=\"\" data-services='[\"facebook\",\"whatsapp\",\"mail\"]' data-image=\"\" data-url=\"https:\/\/indehahn.de\/?p=6234\" data-lang=\"de\" data-theme=\"color\" data-orientation=\"horizontal\"><\/div>","protected":false},"excerpt":{"rendered":"<p>Nachdem am Ende der letzten Saison einige Punkte zum Aufstieg fehlten, wurde in der Sommerpause zun\u00e4chst die personelle Ausgangslage weiter verbessert. Zum Kader der Ersten stie\u00dfen 13 neue Spieler. Das ist sicherlich nicht die&#46;&#46;&#46;<\/p>\n","protected":false},"author":2,"featured_media":0,"comment_status":"closed","ping_status":"closed","sticky":false,"template":"","format":"standard","meta":{"ngg_post_thumbnail":0,"footnotes":""},"categories":[11],"tags":[],"class_list":["post-6234","post","type-post","status-publish","format-standard","hentry","category-1-mannschaft"],"_links":{"self":[{"href":"https:\/\/indehahn.de\/index.php?rest_route=\/wp\/v2\/posts\/6234","targetHints":{"allow":["GET"]}}],"collection":[{"href":"https:\/\/indehahn.de\/index.php?rest_route=\/wp\/v2\/posts"}],"about":[{"href":"https:\/\/indehahn.de\/index.php?rest_route=\/wp\/v2\/types\/post"}],"author":[{"embeddable":true,"href":"https:\/\/indehahn.de\/index.php?rest_route=\/wp\/v2\/users\/2"}],"replies":[{"embeddable":true,"href":"https:\/\/indehahn.de\/index.php?rest_route=%2Fwp%2Fv2%2Fcomments&post=6234"}],"version-history":[{"count":1,"href":"https:\/\/indehahn.de\/index.php?rest_route=\/wp\/v2\/posts\/6234\/revisions"}],"predecessor-version":[{"id":6235,"href":"https:\/\/indehahn.de\/index.php?rest_route=\/wp\/v2\/posts\/6234\/revisions\/6235"}],"wp:attachment":[{"href":"https:\/\/indehahn.de\/index.php?rest_route=%2Fwp%2Fv2%2Fmedia&parent=6234"}],"wp:term":[{"taxonomy":"category","embeddable":true,"href":"https:\/\/indehahn.de\/index.php?rest_route=%2Fwp%2Fv2%2Fcategories&post=6234"},{"taxonomy":"post_tag","embeddable":true,"href":"https:\/\/indehahn.de\/index.php?rest_route=%2Fwp%2Fv2%2Ftags&post=6234"}],"curies":[{"name":"wp","href":"https:\/\/api.w.org\/{rel}","templated":true}]}}