{"id":6248,"date":"2005-08-18T08:11:51","date_gmt":"2005-08-18T06:11:51","guid":{"rendered":"http:\/\/inde-hahn.de\/?p=6248"},"modified":"2015-05-16T00:33:35","modified_gmt":"2015-05-15T22:33:35","slug":"auch-fuer-die-zweite-beginnt-die-neue-saison-schon-am-28-august","status":"publish","type":"post","link":"https:\/\/indehahn.de\/?p=6248","title":{"rendered":"Auch f\u00fcr die ZWEITE beginnt die neue Saison schon am 28. August"},"content":{"rendered":"<p>Urspr\u00fcnglich sollte f\u00fcr unsere 2. Mannschaft die Saison mit einem spielfreien Wochenende beginnen. Wegen der Nachmeldung einer neuen 3. Mannschaft des FC Roetgen wurde der Spielplan der Kreisliga C7 aber so ge\u00e4ndert, dass unsere Zweite nun am 28.8. zu einem Ausw\u00e4rtsspiel nach Roetgen reisen muss. Angepfiffen wird diese Partie um 13:00 Uhr. Bereits um 11:00 Uhr spielt unsere Dritte in Hahn gegen Kornelim\u00fcnster III. Ebenfalls um 13:00 Uhr beginnt das Spiel der Ersten bei Kornelim\u00fcnster II.<\/p>\n<div class=\"shariff\" data-title=\"Auch f\u00fcr die ZWEITE beginnt die neue Saison schon am 28. August\" data-info-url=\"http:\/\/ct.de\/-2467514\" data-backend-url=\"https:\/\/indehahn.de\/wp-content\/plugins\/shariff-sharing_UNUSED\/backend\/index.php\" data-temp=\"\/tmp\" data-ttl=\"60\" data-service=\"\" data-services='[\"facebook\",\"whatsapp\",\"mail\"]' data-image=\"\" data-url=\"https:\/\/indehahn.de\/?p=6248\" data-lang=\"de\" data-theme=\"color\" data-orientation=\"horizontal\"><\/div>","protected":false},"excerpt":{"rendered":"<p>Urspr\u00fcnglich sollte f\u00fcr unsere 2. Mannschaft die Saison mit einem spielfreien Wochenende beginnen. Wegen der Nachmeldung einer neuen 3. Mannschaft des FC Roetgen wurde der Spielplan der Kreisliga C7 aber so ge\u00e4ndert, dass unsere&#46;&#46;&#46;<\/p>\n","protected":false},"author":2,"featured_media":0,"comment_status":"closed","ping_status":"closed","sticky":false,"template":"","format":"standard","meta":{"ngg_post_thumbnail":0,"footnotes":""},"categories":[12],"tags":[],"class_list":["post-6248","post","type-post","status-publish","format-standard","hentry","category-2-mannschaft"],"_links":{"self":[{"href":"https:\/\/indehahn.de\/index.php?rest_route=\/wp\/v2\/posts\/6248","targetHints":{"allow":["GET"]}}],"collection":[{"href":"https:\/\/indehahn.de\/index.php?rest_route=\/wp\/v2\/posts"}],"about":[{"href":"https:\/\/indehahn.de\/index.php?rest_route=\/wp\/v2\/types\/post"}],"author":[{"embeddable":true,"href":"https:\/\/indehahn.de\/index.php?rest_route=\/wp\/v2\/users\/2"}],"replies":[{"embeddable":true,"href":"https:\/\/indehahn.de\/index.php?rest_route=%2Fwp%2Fv2%2Fcomments&post=6248"}],"version-history":[{"count":1,"href":"https:\/\/indehahn.de\/index.php?rest_route=\/wp\/v2\/posts\/6248\/revisions"}],"predecessor-version":[{"id":6249,"href":"https:\/\/indehahn.de\/index.php?rest_route=\/wp\/v2\/posts\/6248\/revisions\/6249"}],"wp:attachment":[{"href":"https:\/\/indehahn.de\/index.php?rest_route=%2Fwp%2Fv2%2Fmedia&parent=6248"}],"wp:term":[{"taxonomy":"category","embeddable":true,"href":"https:\/\/indehahn.de\/index.php?rest_route=%2Fwp%2Fv2%2Fcategories&post=6248"},{"taxonomy":"post_tag","embeddable":true,"href":"https:\/\/indehahn.de\/index.php?rest_route=%2Fwp%2Fv2%2Ftags&post=6248"}],"curies":[{"name":"wp","href":"https:\/\/api.w.org\/{rel}","templated":true}]}}