{"id":7354,"date":"2015-06-06T21:50:49","date_gmt":"2015-06-06T19:50:49","guid":{"rendered":"http:\/\/inde-hahn.de\/?p=7354"},"modified":"2015-06-28T20:08:00","modified_gmt":"2015-06-28T18:08:00","slug":"aufstiegsparty-in-gelb-und-schwarz","status":"publish","type":"post","link":"https:\/\/indehahn.de\/?p=7354","title":{"rendered":"Aufstiegsparty in Gelb und Schwarz"},"content":{"rendered":"<p>Es war das vorerst letzte Spiel unserer Mannschaft in der Bezirksliga und wir alle hoffen, dass es auch f\u00fcr l\u00e4ngere Zeit das letzte bleibt. Der Landesiga-Aufstieg war schon am vergangenen Wochenende unter Dach und Fach gebracht worden, so dass das gro\u00dfe Finale der Hahner Aufstiegsparty auf den Freitagabend vorverlegt werden konnte &#8211; an unseren Gegner Arminia Eilendorf an dieser Stelle ein herzlicher Dank f\u00fcr die Zustimmung zur Termin\u00e4nderung! Bei hochsommerlichen Temperaturen hatten einige Hahner Fans vielleicht mit entsprechend lahmem Sommerfu\u00dfball gerechnet, doch die Aufsteiger lie\u00dfen sich nicht lumpen und verw\u00f6hnten ihre Anh\u00e4nger noch einmal mit einem tollen Kick und 7 Toren, von denen allerdings zwei von den G\u00e4sten aus Eilendorf ins eigene Netz bef\u00f6rdert wurden. Die \u00fcbrigen Torsch\u00fctzen waren Naoki Itakura (2x), Kevin Klinkenberg, Stefan Schindler und &#8222;die Entdeckung der Saison&#8220;, der Sekunden zuvor eingewechselte Philipp Spangenberg. Doch das Spiel an sich stand diesmal gar nicht so sehr im Mittelpunkt des Interesses, denn man wollte schlie\u00dflich vor allem feiern und man kann wohl ohne \u00dcbertreibung sagen, dass die Party drumherum schon mehr als Landesliga-reif war! Vor dem Anpfiff waren die Spieler durch ein gelb-schwarzes Spalier aus Mitgliedern der anderen Abteilungen des Vereins empfangen worden, um anschlie\u00dfend die beiden Spieler Niklas Kau\u00dfen und Stefan Schindler zu verabschieden, die uns leider zum Ende dieser Saison verlassen werden. Nach dem Spiel ging es dann so richtig rund &#8211; auf einer kleinen B\u00fchne reihte sich die Meistermannschaft auf und zu den Kl\u00e4ngen des obligatorischen &#8222;Weeeeee are the champions&#8220; wurde getanzt und gesungen, Medaillen wurden umgeh\u00e4ngt und die Meisterschale in den Hahner Abendhimmel gehoben. Eine gelb-schwarze Konfettikanone durfte zur Freude der Hahner Jugend ebenfalls nicht fehlen. Viele Fans blieben noch lange nach Spielende auf dem Sportplatz und feierten zusammen mit Spielern und Trainern den langersehnten Aufstieg. Schon jetzt freuen wir uns alle sehr auf die kommende Saison, die uns unter anderem einige spannende Lokalduelle bringen wird. Ein erneuter Gl\u00fcckwunsch geht an Mannschaft und Trainer f\u00fcr eine tolle Saison, in der man in den letzten 18 Spielen ungeschlagen blieb und insgesamt fast 100 Tore erzielen konnte. Weiter geht&#8217;s im August in der Landesliga &#8211; hoffentlich mit der gleichen Begeisterung und \u00e4hnlich guten Leistungen !!!<\/p>\n<p><a href=\"http:\/\/galerie.indehahn.de\/FussballSenioren\/2014-2015\/Aufstiegsparty\" target=\"_blank\">FOTOS<\/a> | <a href=\"http:\/\/www.fupa.net\/galerie\/fc-inde-hahn-djk-arminia-eilendorf-1919-100229\/foto1.html\" target=\"_blank\">FOTOS FUPA<\/a> | <a href=\"http:\/\/www.fupa.net\/liga\/mittelrhein-bezirksliga-staffel-4\/tabelle\" target=\"_blank\">TABELLE<\/a><\/p>\n<div style=\"margin-top: 25px;\">\n<iframe loading=\"lazy\" src=\"http:\/\/player.vimeo.com\/video\/132015130?byline=0&portrait=0&title=1&autoplay=false\" width=\"900\" height=\"510\" frameborder=\"0\" webkitAllowFullScreen mozallowfullscreen allowFullScreen class=\"\"><\/iframe>\n<\/div>\n<div class=\"shariff\" data-title=\"Aufstiegsparty in Gelb und Schwarz\" data-info-url=\"http:\/\/ct.de\/-2467514\" data-backend-url=\"https:\/\/indehahn.de\/wp-content\/plugins\/shariff-sharing_UNUSED\/backend\/index.php\" data-temp=\"\/tmp\" data-ttl=\"60\" data-service=\"\" data-services='[\"facebook\",\"whatsapp\",\"mail\"]' data-image=\"\" data-url=\"https:\/\/indehahn.de\/?p=7354\" data-lang=\"de\" data-theme=\"color\" data-orientation=\"horizontal\"><\/div>","protected":false},"excerpt":{"rendered":"<p>Es war das vorerst letzte Spiel unserer Mannschaft in der Bezirksliga und wir alle hoffen, dass es auch f\u00fcr l\u00e4ngere Zeit das letzte bleibt. Der Landesiga-Aufstieg war schon am vergangenen Wochenende unter Dach und&#46;&#46;&#46;<\/p>\n","protected":false},"author":2,"featured_media":7355,"comment_status":"closed","ping_status":"closed","sticky":false,"template":"","format":"image","meta":{"ngg_post_thumbnail":0,"footnotes":""},"categories":[11,30,6],"tags":[],"class_list":["post-7354","post","type-post","status-publish","format-image","has-post-thumbnail","hentry","category-1-mannschaft","category-events","category-top-news","post_format-post-format-image"],"_links":{"self":[{"href":"https:\/\/indehahn.de\/index.php?rest_route=\/wp\/v2\/posts\/7354","targetHints":{"allow":["GET"]}}],"collection":[{"href":"https:\/\/indehahn.de\/index.php?rest_route=\/wp\/v2\/posts"}],"about":[{"href":"https:\/\/indehahn.de\/index.php?rest_route=\/wp\/v2\/types\/post"}],"author":[{"embeddable":true,"href":"https:\/\/indehahn.de\/index.php?rest_route=\/wp\/v2\/users\/2"}],"replies":[{"embeddable":true,"href":"https:\/\/indehahn.de\/index.php?rest_route=%2Fwp%2Fv2%2Fcomments&post=7354"}],"version-history":[{"count":4,"href":"https:\/\/indehahn.de\/index.php?rest_route=\/wp\/v2\/posts\/7354\/revisions"}],"predecessor-version":[{"id":7490,"href":"https:\/\/indehahn.de\/index.php?rest_route=\/wp\/v2\/posts\/7354\/revisions\/7490"}],"wp:featuredmedia":[{"embeddable":true,"href":"https:\/\/indehahn.de\/index.php?rest_route=\/wp\/v2\/media\/7355"}],"wp:attachment":[{"href":"https:\/\/indehahn.de\/index.php?rest_route=%2Fwp%2Fv2%2Fmedia&parent=7354"}],"wp:term":[{"taxonomy":"category","embeddable":true,"href":"https:\/\/indehahn.de\/index.php?rest_route=%2Fwp%2Fv2%2Fcategories&post=7354"},{"taxonomy":"post_tag","embeddable":true,"href":"https:\/\/indehahn.de\/index.php?rest_route=%2Fwp%2Fv2%2Ftags&post=7354"}],"curies":[{"name":"wp","href":"https:\/\/api.w.org\/{rel}","templated":true}]}}