{"id":7491,"date":"2015-06-30T10:04:08","date_gmt":"2015-06-30T08:04:08","guid":{"rendered":"http:\/\/inde-hahn.de\/?p=7491"},"modified":"2015-06-30T10:04:08","modified_gmt":"2015-06-30T08:04:08","slug":"der-wm-pokal-kommt-und-es-ist-das-original","status":"publish","type":"post","link":"https:\/\/indehahn.de\/?p=7491","title":{"rendered":"Der WM-Pokal kommt und es ist das Original!"},"content":{"rendered":"<p>Es gibt tats\u00e4chlich zwei FIFA WM-Pokale &#8211; den einen, der st\u00e4ndig in einem Z\u00fcricher Safe steht und nur f\u00fcr die Minuten der Siegerehrung nach dem Endspiel alle vier Jahre herausgeholt wird &#8211; laaaaaaangweilig &#8211; und den anderen, mit dem die Deutsche Mannschaft in der Kabine gefeiert, der die folgende Nacht mit unseren Nationalspielern in Rio durchgemacht hat, der \u00fcber die Fanmeile in Berlin geflogen ist und dort Hunderttausenden Fans pr\u00e4sentiert wurde und schlie\u00dflich seinen Platz in der DFB-Zentrale in Frankfurt gefunden hat. Genau dieser Pokal kommt am kommenden Montag nach Hahn und nicht irgendeine billige Kopie. Dieser Eindruck ist zuletzt teilweise in der Presse entstanden &#8211; deshalb m\u00f6chten wir das hier noch einmal klarstellen. Wer am Montag zu den Gl\u00fccklichen geh\u00f6rt, die den Pokal sehen d\u00fcrfen und ihr pers\u00f6nliches Pokal-Foto bekommen, der darf sich auf den echten WM-Pokal freuen &#8211; nicht den langweiligen aus dem Safe, sondern auf den, mit dem unsere Nationalmannschaft tage- und n\u00e4chtelang gefeiert hat!<\/p>\n<div class=\"shariff\" data-title=\"Der WM-Pokal kommt und es ist das Original!\" data-info-url=\"http:\/\/ct.de\/-2467514\" data-backend-url=\"https:\/\/indehahn.de\/wp-content\/plugins\/shariff-sharing_UNUSED\/backend\/index.php\" data-temp=\"\/tmp\" data-ttl=\"60\" data-service=\"\" data-services='[\"facebook\",\"whatsapp\",\"mail\"]' data-image=\"\" data-url=\"https:\/\/indehahn.de\/?p=7491\" data-lang=\"de\" data-theme=\"color\" data-orientation=\"horizontal\"><\/div>","protected":false},"excerpt":{"rendered":"<p>Es gibt tats\u00e4chlich zwei FIFA WM-Pokale &#8211; den einen, der st\u00e4ndig in einem Z\u00fcricher Safe steht und nur f\u00fcr die Minuten der Siegerehrung nach dem Endspiel alle vier Jahre herausgeholt wird &#8211; laaaaaaangweilig &#8211;&#46;&#46;&#46;<\/p>\n","protected":false},"author":2,"featured_media":7264,"comment_status":"closed","ping_status":"closed","sticky":false,"template":"","format":"image","meta":{"ngg_post_thumbnail":0,"footnotes":""},"categories":[1],"tags":[],"class_list":["post-7491","post","type-post","status-publish","format-image","has-post-thumbnail","hentry","category-verein","post_format-post-format-image"],"_links":{"self":[{"href":"https:\/\/indehahn.de\/index.php?rest_route=\/wp\/v2\/posts\/7491","targetHints":{"allow":["GET"]}}],"collection":[{"href":"https:\/\/indehahn.de\/index.php?rest_route=\/wp\/v2\/posts"}],"about":[{"href":"https:\/\/indehahn.de\/index.php?rest_route=\/wp\/v2\/types\/post"}],"author":[{"embeddable":true,"href":"https:\/\/indehahn.de\/index.php?rest_route=\/wp\/v2\/users\/2"}],"replies":[{"embeddable":true,"href":"https:\/\/indehahn.de\/index.php?rest_route=%2Fwp%2Fv2%2Fcomments&post=7491"}],"version-history":[{"count":1,"href":"https:\/\/indehahn.de\/index.php?rest_route=\/wp\/v2\/posts\/7491\/revisions"}],"predecessor-version":[{"id":7492,"href":"https:\/\/indehahn.de\/index.php?rest_route=\/wp\/v2\/posts\/7491\/revisions\/7492"}],"wp:featuredmedia":[{"embeddable":true,"href":"https:\/\/indehahn.de\/index.php?rest_route=\/wp\/v2\/media\/7264"}],"wp:attachment":[{"href":"https:\/\/indehahn.de\/index.php?rest_route=%2Fwp%2Fv2%2Fmedia&parent=7491"}],"wp:term":[{"taxonomy":"category","embeddable":true,"href":"https:\/\/indehahn.de\/index.php?rest_route=%2Fwp%2Fv2%2Fcategories&post=7491"},{"taxonomy":"post_tag","embeddable":true,"href":"https:\/\/indehahn.de\/index.php?rest_route=%2Fwp%2Fv2%2Ftags&post=7491"}],"curies":[{"name":"wp","href":"https:\/\/api.w.org\/{rel}","templated":true}]}}