{"id":7624,"date":"2015-08-25T22:36:19","date_gmt":"2015-08-25T20:36:19","guid":{"rendered":"http:\/\/inde-hahn.de\/?p=7624"},"modified":"2015-08-25T22:36:19","modified_gmt":"2015-08-25T20:36:19","slug":"erleben-wir-am-mittwoch-den-ersten-landesliga-sieg","status":"publish","type":"post","link":"https:\/\/indehahn.de\/?p=7624","title":{"rendered":"Erleben wir am Mittwoch den ersten Landesliga-Sieg?"},"content":{"rendered":"<p>1:2 zum Auftakt gegen den SV Rott, 1:2 beim GFC D\u00fcren am vergangenen Sonntag &#8211; das ist die ern\u00fcchternde Bilanz der ersten beiden Landesliga-Spiele unserer 1. Mannschaft. Mit etwas Gl\u00fcck h\u00e4tten es allerdings statt 0 auch 6 Punkte sein k\u00f6nnen, denn in beiden Partien war unser Team nicht das schw\u00e4chere. Doch schon am morgigen Mittwoch gibt es die n\u00e4chste Chance auf die ersten Punkte in der neuen Klasse, denn um 20 Uhr kommt Mittelrheinliga-Absteiger SV Germania Erftstadt-Lechenich nach Hahn und dann hoffen wir, dass aller guten Dinge drei sind und auch die Hahner Anh\u00e4nger endlich Grund zum Jubeln bekommen. Einen kleinen Video-Vorbericht aus der Abteilung Inde-TV gibt&#8217;s hier:<\/p>\n<div style=\"margin-top: 25px;\">\n<iframe loading=\"lazy\" src=\"http:\/\/player.vimeo.com\/video\/137290424?byline=0&portrait=0&title=1&autoplay=false\" width=\"900\" height=\"510\" frameborder=\"0\" webkitAllowFullScreen mozallowfullscreen allowFullScreen class=\"\"><\/iframe>\n<\/div>\n<div class=\"shariff\" data-title=\"Erleben wir am Mittwoch den ersten Landesliga-Sieg?\" data-info-url=\"http:\/\/ct.de\/-2467514\" data-backend-url=\"https:\/\/indehahn.de\/wp-content\/plugins\/shariff-sharing_UNUSED\/backend\/index.php\" data-temp=\"\/tmp\" data-ttl=\"60\" data-service=\"\" data-services='[\"facebook\",\"whatsapp\",\"mail\"]' data-image=\"\" data-url=\"https:\/\/indehahn.de\/?p=7624\" data-lang=\"de\" data-theme=\"color\" data-orientation=\"horizontal\"><\/div>","protected":false},"excerpt":{"rendered":"<p>1:2 zum Auftakt gegen den SV Rott, 1:2 beim GFC D\u00fcren am vergangenen Sonntag &#8211; das ist die ern\u00fcchternde Bilanz der ersten beiden Landesliga-Spiele unserer 1. Mannschaft. Mit etwas Gl\u00fcck h\u00e4tten es allerdings statt&#46;&#46;&#46;<\/p>\n","protected":false},"author":2,"featured_media":7625,"comment_status":"closed","ping_status":"closed","sticky":false,"template":"","format":"image","meta":{"ngg_post_thumbnail":0,"footnotes":""},"categories":[11],"tags":[],"class_list":["post-7624","post","type-post","status-publish","format-image","has-post-thumbnail","hentry","category-1-mannschaft","post_format-post-format-image"],"_links":{"self":[{"href":"https:\/\/indehahn.de\/index.php?rest_route=\/wp\/v2\/posts\/7624","targetHints":{"allow":["GET"]}}],"collection":[{"href":"https:\/\/indehahn.de\/index.php?rest_route=\/wp\/v2\/posts"}],"about":[{"href":"https:\/\/indehahn.de\/index.php?rest_route=\/wp\/v2\/types\/post"}],"author":[{"embeddable":true,"href":"https:\/\/indehahn.de\/index.php?rest_route=\/wp\/v2\/users\/2"}],"replies":[{"embeddable":true,"href":"https:\/\/indehahn.de\/index.php?rest_route=%2Fwp%2Fv2%2Fcomments&post=7624"}],"version-history":[{"count":2,"href":"https:\/\/indehahn.de\/index.php?rest_route=\/wp\/v2\/posts\/7624\/revisions"}],"predecessor-version":[{"id":7627,"href":"https:\/\/indehahn.de\/index.php?rest_route=\/wp\/v2\/posts\/7624\/revisions\/7627"}],"wp:featuredmedia":[{"embeddable":true,"href":"https:\/\/indehahn.de\/index.php?rest_route=\/wp\/v2\/media\/7625"}],"wp:attachment":[{"href":"https:\/\/indehahn.de\/index.php?rest_route=%2Fwp%2Fv2%2Fmedia&parent=7624"}],"wp:term":[{"taxonomy":"category","embeddable":true,"href":"https:\/\/indehahn.de\/index.php?rest_route=%2Fwp%2Fv2%2Fcategories&post=7624"},{"taxonomy":"post_tag","embeddable":true,"href":"https:\/\/indehahn.de\/index.php?rest_route=%2Fwp%2Fv2%2Ftags&post=7624"}],"curies":[{"name":"wp","href":"https:\/\/api.w.org\/{rel}","templated":true}]}}