{"id":7629,"date":"2015-08-27T21:21:03","date_gmt":"2015-08-27T19:21:03","guid":{"rendered":"http:\/\/inde-hahn.de\/?p=7629"},"modified":"2015-08-27T21:21:03","modified_gmt":"2015-08-27T19:21:03","slug":"pokaltag-fuer-den-nachwuchs-des-fc-inde-hahn","status":"publish","type":"post","link":"https:\/\/indehahn.de\/?p=7629","title":{"rendered":"Pokaltag f\u00fcr den Nachwuchs des FC Inde Hahn"},"content":{"rendered":"<p>Am gestrigen Mittwoch spielten drei Teams des FC Inde Hahn in der ersten Pokalrunde. Letztlich konnte man sich zweimal \u00fcber den Einzug in die n\u00e4chste Runde freuen.<br \/>\nEs begann auf der heimischen Anlage am Kitzenhausweg mit den E-Junioren, die sich nach einer schwachen Leistung am Samstag jetzt wieder von ihrer besten Seiten zeigen wollten. Der Gegner war dabei Blau-Wei\u00df Aachen und von Beginn an zeigten die Jungs von Guido Kind, dass sie sich was vorgenommen hatten. Schnell ging man mit 2:0 in F\u00fchrung und hatten noch weitere M\u00f6glichkeiten, den Vorsprung zu erh\u00f6hen, an der Chancenverwertung muss aber noch gearbeitet werden. Doch die Spielz\u00fcge waren sch\u00f6n anzusehen &#8211; immer wieder versuchte das Team, sich spielerisch aus der eigenen H\u00e4lfte zu l\u00f6sen und kreierte einige M\u00f6glichkeiten. Leider musste man durch eine Unachtsamkeit kurz vor dem Halbzeitpfiff das 1:2 hinnehmen. Nach dem Wechsel ging es aber haupts\u00e4chlich wieder Richtung Burtscheider Tor und zwangl\u00e4ufig fielen drei weitere sch\u00f6ne Treffer zum 5:1. Ein weiteres Gegentor war nur noch Ergebniskosmetik f\u00fcr den Gegner. Hochverdient zog man in die n\u00e4chste Runde ein, wo dann wieder der Gegner des ersten Spieltages, Eintracht Kornelim\u00fcnster, auf das Team wartet. Eine gute Gelegenheit zu zeigen, dass man aus der hohen Niederlage gegen dieses Team in kurzer Zeit vieles dazugelernt hat.<br \/>\nDie B-Junioren waren bei der SG Konzen\/Eicherscheid zu Gast und hatten sich ebenfalls viel vorgenommen. Doch hier kam es anders, denn ohne taktische Disziplin geht es eben nicht. Immer wieder wurde man \u00fcberspielt, kam hinten in Unterzahl und fast zwangl\u00e4ufig fielen Gegentreffer, so dass es schon zur Halbzeit 0:4 stand. Nach einigen Korrekturversuchen in der Pause wurde es erst nicht viel besser und man lag sogar 0:6 zur\u00fcck &#8211; erst dann zeigte das Team eine Reaktion: man kam zum Ehrentreffer und spielte die letzten 30 Minuten \u00fcberlegen mit einer guten Spielanlage. Unabh\u00e4ngig vom Ergebnis wurde immer weiter versucht, noch den einen oder anderen Treffer zu erzielen. Doch letztlich blieb es beim 1:6 und bei der Erkenntnis, dass noch viel Arbeit vor dem jungen Team steht, um erfolgreicher zu spielen. Das wird Trainer Ralf Drykoningen in jedem Training weiter angehen.<br \/>\nZu Gast beim FC Roetgen waren die A-Junioren von Josef Schaakxs. Das Spiel begann mit sehr gro\u00dfem Tempo auf beiden Seiten und man erspielte sich gute Torschancen, die aber noch nicht genutzt wurden. In der 30.Minute verletzte sich Patryk Golba bei einem ungl\u00fccklichen Zusammensto\u00df so sehr, dass er ins Krankenhaus eingeliefert werden musste &#8211; gl\u00fccklicherweise erlitt er nur eine Rippenprellung. Gute Besserung f\u00fcr ihn! Nach 20-min\u00fctiger Unterbrechung ging das Spiel weiter und der eingewechselte Espeter gelang nach sch\u00f6ner Vorarbeit die 1:0-F\u00fchrung. Doch der Gastgeber erzielte noch vor der Pause den Ausgleich. Auch nach der Pause blieb das Tempo hoch. In der 50. Minute erzielte Dilek das verdiente 2:1 und zehn Minuten vor Ende konnte der eingewechselten Pelzer sogar auf 3:1 f\u00fcr Hahn erh\u00f6hen. Roetgen verk\u00fcrzte zwar kurz vor Ende noch einmal auf 2:3, doch der Sieg kam nicht mehr in Gefahr und so zog man in die n\u00e4chste Runde ein. Gegner dort ist ausw\u00e4rts die Mannschaft vom TV H\u00f6fen.<br \/>\nDie D-Junioren spielen ihr erstes Spiel im Pokal am kommenden Mittwoch um 18 Uhr gegen die G\u00e4ste von Jugendsport Wenau. Die C-Junioren hatten ein Freilos und steigen erst in Runde 2 ein.<\/p>\n<div class=\"shariff\" data-title=\"Pokaltag f\u00fcr den Nachwuchs des FC Inde Hahn\" data-info-url=\"http:\/\/ct.de\/-2467514\" data-backend-url=\"https:\/\/indehahn.de\/wp-content\/plugins\/shariff-sharing_UNUSED\/backend\/index.php\" data-temp=\"\/tmp\" data-ttl=\"60\" data-service=\"\" data-services='[\"facebook\",\"whatsapp\",\"mail\"]' data-image=\"\" data-url=\"https:\/\/indehahn.de\/?p=7629\" data-lang=\"de\" data-theme=\"color\" data-orientation=\"horizontal\"><\/div>","protected":false},"excerpt":{"rendered":"<p>Am gestrigen Mittwoch spielten drei Teams des FC Inde Hahn in der ersten Pokalrunde. Letztlich konnte man sich zweimal \u00fcber den Einzug in die n\u00e4chste Runde freuen. Es begann auf der heimischen Anlage am&#46;&#46;&#46;<\/p>\n","protected":false},"author":2,"featured_media":650,"comment_status":"closed","ping_status":"closed","sticky":false,"template":"","format":"image","meta":{"ngg_post_thumbnail":0,"footnotes":""},"categories":[3],"tags":[],"class_list":["post-7629","post","type-post","status-publish","format-image","has-post-thumbnail","hentry","category-fussball-junioren","post_format-post-format-image"],"_links":{"self":[{"href":"https:\/\/indehahn.de\/index.php?rest_route=\/wp\/v2\/posts\/7629","targetHints":{"allow":["GET"]}}],"collection":[{"href":"https:\/\/indehahn.de\/index.php?rest_route=\/wp\/v2\/posts"}],"about":[{"href":"https:\/\/indehahn.de\/index.php?rest_route=\/wp\/v2\/types\/post"}],"author":[{"embeddable":true,"href":"https:\/\/indehahn.de\/index.php?rest_route=\/wp\/v2\/users\/2"}],"replies":[{"embeddable":true,"href":"https:\/\/indehahn.de\/index.php?rest_route=%2Fwp%2Fv2%2Fcomments&post=7629"}],"version-history":[{"count":1,"href":"https:\/\/indehahn.de\/index.php?rest_route=\/wp\/v2\/posts\/7629\/revisions"}],"predecessor-version":[{"id":7630,"href":"https:\/\/indehahn.de\/index.php?rest_route=\/wp\/v2\/posts\/7629\/revisions\/7630"}],"wp:featuredmedia":[{"embeddable":true,"href":"https:\/\/indehahn.de\/index.php?rest_route=\/wp\/v2\/media\/650"}],"wp:attachment":[{"href":"https:\/\/indehahn.de\/index.php?rest_route=%2Fwp%2Fv2%2Fmedia&parent=7629"}],"wp:term":[{"taxonomy":"category","embeddable":true,"href":"https:\/\/indehahn.de\/index.php?rest_route=%2Fwp%2Fv2%2Fcategories&post=7629"},{"taxonomy":"post_tag","embeddable":true,"href":"https:\/\/indehahn.de\/index.php?rest_route=%2Fwp%2Fv2%2Ftags&post=7629"}],"curies":[{"name":"wp","href":"https:\/\/api.w.org\/{rel}","templated":true}]}}