{"id":7651,"date":"2015-08-30T20:53:03","date_gmt":"2015-08-30T18:53:03","guid":{"rendered":"http:\/\/inde-hahn.de\/?p=7651"},"modified":"2015-09-06T23:04:37","modified_gmt":"2015-09-06T21:04:37","slug":"erste-holt-den-zweiten-dreier","status":"publish","type":"post","link":"https:\/\/indehahn.de\/?p=7651","title":{"rendered":"Erste holt den zweiten Dreier in nur vier Tagen"},"content":{"rendered":"<p>Am heutigen Sonntag reiste unsere 1. Mannschaft zum SV Schwarz-Wei\u00df Nierfeld in die Eifel. Die Nierfelder haben in der vorletzten Saison noch Mittelrheinliga gespielt und zuletzt den 4. Platz in der Landesliga belegt, mussten vor der aktuellen Saison allerdings einen personellen Aderlass verkraften. So durfte sich das Team von Oliver Heinrichs gute Chancen auf den zweiten Saisonsieg ausrechnen, auch wenn man heute auf vier verletzte Stammspieler verzichten musste. Auf dem enorm kleinen Kunstrasen in Gem\u00fcnd zeigten sich schnell zwei ganz unterschiedliche Spielphilosophien: die f\u00fcr ihre Heimst\u00e4rke bekannten Gastgeber agierten zumeist mit langen B\u00e4llen in die Spitze, w\u00e4hrend unsere Mannschaft eher auf das schnelle Kurzpassspiel und spielerische L\u00f6sungen setzte. Es gelang den Hahnern damit auch, das Heft in die Hand zu nehmen und so lag die Mehrzahl der Torchancen eindeutig auf Hahner Seite. Nach einer halben Stunde entschied der Unparteiische nach einem Foulspiel auf Strafsto\u00df f\u00fcr Hahn und verwies den Nierfelder \u00dcbelt\u00e4ter obendrein noch des Feldes. Schon hier h\u00e4tte man f\u00fcr eine Vorentscheidung sorgen k\u00f6nnen, doch Naoki Itakura knallte den Schuss vom Elfmeterpunkt nur an den linken Torpfosten. Kurz vor der Pause musste auch der Hahner Torh\u00fcter Markus Sch\u00e4fer entscheidend eingreifen, als die Hahner Defensive etwas unsortiert stand und die Gastgeber trotz Unterzahl einige Torchancen zu verzeichnen hatten. Es blieb aber bis zum Halbzeitpfiff torlos, auch wenn eine Hahner F\u00fchrung schon zu diesem Zeitpunkt verdient gewesen w\u00e4re. In der Pause stellte dann unser Kameramann Sebastian seine hellseherischen F\u00e4higkeiten unter Beweis, als er prophezeite, dass unsere Mannschaft schon nach den ersten 10 Minuten der zweiten Spielh\u00e4lfte mit 2:0 in F\u00fchrung liegen werde. Und genau so kam es dann auch: zun\u00e4chst schloss Shinya Hattori einen sch\u00f6nen Angriff mit einem Schuss durch die Beine des Nierfelder Schlussmanns zur verdienten F\u00fchrung ab und nur zwei Minuten sp\u00e4ter knallte der eingewechselte G\u00f6khan Batmaz einen Schuss aus gut 20 Metern Entfernung in die Maschen des Nierfelder Tores. Mit dieser beruhigenden F\u00fchrung lie\u00dfen die Schwarz-Gelben nun gekonnt Ball und Gegner laufen &#8211; Nierfeld hatte in dieser Phase nicht den Hauch einer Chance. Mit einem weiteren Fernschuss sorgte G\u00f6khan Batmaz nach 68 Minuten f\u00fcr die endg\u00fcltige Entscheidung, bevor unser Goalgetter Mergim Statovci zwei weitere Treffer auf sein Konto buchen konnte. Das zwischenzeitliche 1:4 f\u00fcr Niersfeld sorgte nicht mehr f\u00fcr Spannung &#8211; es resultierte aus Konzentrationsschw\u00e4chen auf Hahner Seite, die sich im Gef\u00fchl des sicheren Sieges einschlichen, und war am Ende nur Ergebniskosmetik. Nach dem 4:0 am Mittwoch und dem 5:1 am heutigen Tag darf man sicher von einer perfekten Woche sprechen, doch Nierfeld in Unterzahl war heute sicher kein echter Pr\u00fcfstein und man wird auch sehr bald wieder auf st\u00e4rkere Gegner treffen.<\/p>\n<div style=\"margin-top: 25px;\">\n<iframe loading=\"lazy\" src=\"http:\/\/player.vimeo.com\/video\/138439590?byline=0&portrait=0&title=1&autoplay=false\" width=\"900\" height=\"510\" frameborder=\"0\" webkitAllowFullScreen mozallowfullscreen allowFullScreen class=\"\"><\/iframe>\n<\/div>\n<hr \/>\n<p><a href=\"http:\/\/www.fupa.net\/liga\/mittelrhein-landesliga-staffel-2\" target=\"_blank\">ERGEBNISSE &#038; TABELLE<\/a><\/p>\n<div class=\"shariff\" data-title=\"Erste holt den zweiten Dreier in nur vier Tagen\" data-info-url=\"http:\/\/ct.de\/-2467514\" data-backend-url=\"https:\/\/indehahn.de\/wp-content\/plugins\/shariff-sharing_UNUSED\/backend\/index.php\" data-temp=\"\/tmp\" data-ttl=\"60\" data-service=\"\" data-services='[\"facebook\",\"whatsapp\",\"mail\"]' data-image=\"\" data-url=\"https:\/\/indehahn.de\/?p=7651\" data-lang=\"de\" data-theme=\"color\" data-orientation=\"horizontal\"><\/div>","protected":false},"excerpt":{"rendered":"<p>Am heutigen Sonntag reiste unsere 1. Mannschaft zum SV Schwarz-Wei\u00df Nierfeld in die Eifel. Die Nierfelder haben in der vorletzten Saison noch Mittelrheinliga gespielt und zuletzt den 4. Platz in der Landesliga belegt, mussten&#46;&#46;&#46;<\/p>\n","protected":false},"author":2,"featured_media":7652,"comment_status":"closed","ping_status":"closed","sticky":false,"template":"","format":"image","meta":{"ngg_post_thumbnail":0,"footnotes":""},"categories":[11],"tags":[],"class_list":["post-7651","post","type-post","status-publish","format-image","has-post-thumbnail","hentry","category-1-mannschaft","post_format-post-format-image"],"_links":{"self":[{"href":"https:\/\/indehahn.de\/index.php?rest_route=\/wp\/v2\/posts\/7651","targetHints":{"allow":["GET"]}}],"collection":[{"href":"https:\/\/indehahn.de\/index.php?rest_route=\/wp\/v2\/posts"}],"about":[{"href":"https:\/\/indehahn.de\/index.php?rest_route=\/wp\/v2\/types\/post"}],"author":[{"embeddable":true,"href":"https:\/\/indehahn.de\/index.php?rest_route=\/wp\/v2\/users\/2"}],"replies":[{"embeddable":true,"href":"https:\/\/indehahn.de\/index.php?rest_route=%2Fwp%2Fv2%2Fcomments&post=7651"}],"version-history":[{"count":6,"href":"https:\/\/indehahn.de\/index.php?rest_route=\/wp\/v2\/posts\/7651\/revisions"}],"predecessor-version":[{"id":7708,"href":"https:\/\/indehahn.de\/index.php?rest_route=\/wp\/v2\/posts\/7651\/revisions\/7708"}],"wp:featuredmedia":[{"embeddable":true,"href":"https:\/\/indehahn.de\/index.php?rest_route=\/wp\/v2\/media\/7652"}],"wp:attachment":[{"href":"https:\/\/indehahn.de\/index.php?rest_route=%2Fwp%2Fv2%2Fmedia&parent=7651"}],"wp:term":[{"taxonomy":"category","embeddable":true,"href":"https:\/\/indehahn.de\/index.php?rest_route=%2Fwp%2Fv2%2Fcategories&post=7651"},{"taxonomy":"post_tag","embeddable":true,"href":"https:\/\/indehahn.de\/index.php?rest_route=%2Fwp%2Fv2%2Ftags&post=7651"}],"curies":[{"name":"wp","href":"https:\/\/api.w.org\/{rel}","templated":true}]}}