{"id":7763,"date":"2015-09-08T22:16:09","date_gmt":"2015-09-08T20:16:09","guid":{"rendered":"http:\/\/inde-hahn.de\/?p=7763"},"modified":"2015-09-08T22:53:46","modified_gmt":"2015-09-08T20:53:46","slug":"pokal-viertelfinale-in-eilendorf-am-mittwoch","status":"publish","type":"post","link":"https:\/\/indehahn.de\/?p=7763","title":{"rendered":"Pokal-Viertelfinale in Eilendorf am Mittwoch"},"content":{"rendered":"<p>Im diesj\u00e4hrigen Kreispokal-Wettbewerb kommt es schon ziemlich dicke f\u00fcr den Titelverteidiger FC Inde Hahn. Die erste ganz gro\u00dfe H\u00fcrde hat man zwar vor einer Woche \u00fcbersprungen, als der Mittelrheinligist SV Breinig nach Verl\u00e4ngerung aus dem Pokal geworfen wurde, doch schon am morgigen Mittwoch wartet mit dem SV Eilendorf der n\u00e4chste ganz dicke Brocken auf unsere personell weiterhin geschw\u00e4chte Mannschaft. Eilendorf spielt bereits seine zweite Saison in der Mittelrheinliga, ist also noch etwas h\u00f6her einzusch\u00e4tzen als Breinig und obendrein muss unser Team diesmal ausw\u00e4rts antreten. Doch trotz dieser Ausgangslage werden die Hahner auch in dieser Partie nicht g\u00e4nzlich chancenlos sein &#8211; gerade im Pokal hat man sich in der Rolle des Underdogs schon in der Vergangenheit immer sehr wohlgef\u00fchlt. Wir hoffen auf ein sch\u00f6nes und faires Spiel und insgeheim nat\u00fcrlich auf ein weiteres Kapitel in der Hahner Pokal-Erfolgsgeschichte. Die Partie beginnt in der M\u00f6bel Adam Arena an der Eilendorfer Halfenstra\u00dfe am Mittwoch um 19:30 Uhr &#8211; unsere Hahner Fans sollten sich diese tolle Partie nicht entgehen lassen!<\/p>\n<p>Und hier noch die Gedanken unseres Trainers Oliver Heinrichs zum anstehenden Pokalspiel im Video:<\/p>\n<div style=\"margin-top: 25px;\">\n<iframe loading=\"lazy\" src=\"http:\/\/player.vimeo.com\/video\/138665777?byline=0&portrait=0&title=1&autoplay=false\" width=\"900\" height=\"510\" frameborder=\"0\" webkitAllowFullScreen mozallowfullscreen allowFullScreen class=\"\"><\/iframe>\n<\/div>\n<div class=\"shariff\" data-title=\"Pokal-Viertelfinale in Eilendorf am Mittwoch\" data-info-url=\"http:\/\/ct.de\/-2467514\" data-backend-url=\"https:\/\/indehahn.de\/wp-content\/plugins\/shariff-sharing_UNUSED\/backend\/index.php\" data-temp=\"\/tmp\" data-ttl=\"60\" data-service=\"\" data-services='[\"facebook\",\"whatsapp\",\"mail\"]' data-image=\"\" data-url=\"https:\/\/indehahn.de\/?p=7763\" data-lang=\"de\" data-theme=\"color\" data-orientation=\"horizontal\"><\/div>","protected":false},"excerpt":{"rendered":"<p>Im diesj\u00e4hrigen Kreispokal-Wettbewerb kommt es schon ziemlich dicke f\u00fcr den Titelverteidiger FC Inde Hahn. Die erste ganz gro\u00dfe H\u00fcrde hat man zwar vor einer Woche \u00fcbersprungen, als der Mittelrheinligist SV Breinig nach Verl\u00e4ngerung aus&#46;&#46;&#46;<\/p>\n","protected":false},"author":2,"featured_media":7665,"comment_status":"closed","ping_status":"closed","sticky":false,"template":"","format":"image","meta":{"ngg_post_thumbnail":0,"footnotes":""},"categories":[11],"tags":[],"class_list":["post-7763","post","type-post","status-publish","format-image","has-post-thumbnail","hentry","category-1-mannschaft","post_format-post-format-image"],"_links":{"self":[{"href":"https:\/\/indehahn.de\/index.php?rest_route=\/wp\/v2\/posts\/7763","targetHints":{"allow":["GET"]}}],"collection":[{"href":"https:\/\/indehahn.de\/index.php?rest_route=\/wp\/v2\/posts"}],"about":[{"href":"https:\/\/indehahn.de\/index.php?rest_route=\/wp\/v2\/types\/post"}],"author":[{"embeddable":true,"href":"https:\/\/indehahn.de\/index.php?rest_route=\/wp\/v2\/users\/2"}],"replies":[{"embeddable":true,"href":"https:\/\/indehahn.de\/index.php?rest_route=%2Fwp%2Fv2%2Fcomments&post=7763"}],"version-history":[{"count":3,"href":"https:\/\/indehahn.de\/index.php?rest_route=\/wp\/v2\/posts\/7763\/revisions"}],"predecessor-version":[{"id":7766,"href":"https:\/\/indehahn.de\/index.php?rest_route=\/wp\/v2\/posts\/7763\/revisions\/7766"}],"wp:featuredmedia":[{"embeddable":true,"href":"https:\/\/indehahn.de\/index.php?rest_route=\/wp\/v2\/media\/7665"}],"wp:attachment":[{"href":"https:\/\/indehahn.de\/index.php?rest_route=%2Fwp%2Fv2%2Fmedia&parent=7763"}],"wp:term":[{"taxonomy":"category","embeddable":true,"href":"https:\/\/indehahn.de\/index.php?rest_route=%2Fwp%2Fv2%2Fcategories&post=7763"},{"taxonomy":"post_tag","embeddable":true,"href":"https:\/\/indehahn.de\/index.php?rest_route=%2Fwp%2Fv2%2Ftags&post=7763"}],"curies":[{"name":"wp","href":"https:\/\/api.w.org\/{rel}","templated":true}]}}