{"id":8316,"date":"2016-01-09T14:30:18","date_gmt":"2016-01-09T13:30:18","guid":{"rendered":"http:\/\/inde-hahn.de\/?p=8316"},"modified":"2016-01-09T14:30:18","modified_gmt":"2016-01-09T13:30:18","slug":"turnierauftakt-fuer-die-e2-im-jahre-2016","status":"publish","type":"post","link":"https:\/\/indehahn.de\/?p=8316","title":{"rendered":"Turnierauftakt f\u00fcr die E2 im Jahre 2016"},"content":{"rendered":"<p>Das erste Turnier im Jahre 2016 f\u00fchrte unsere E2 ins benachbarte Belgien zum Turnier der JSG Raeren-Eynatten. Ansto\u00df der Auftaktpartie in der Sporthalle Eynatten war schon um 9:00h. Da die Hahner aber erst in der zweiten Partie antreten mussten konnte man die Wartezeit noch etwas zur Vorbereitung auf die doch ungewohnten Regeln nutzen. Gespielt wurde n\u00e4mlich mit 4 Feldspielern plus Torwart und einem Futsal. Das Spielger\u00e4t erm\u00f6glicht ein Pass- und Kombinationsspiel, Fernsch\u00fcsse sind jedoch extrem schwierig.<br \/>\nUnd so trennte man sich in der ersten Partie gegen den sp\u00e4teren Turniersieger, die SG Roetgen\/Rott der sich offensichtlich auch erst mal an die Bedingungen gew\u00f6hnen musste, folgerichtig 0:0.<br \/>\nDas zweite Spiel direkt im Anschluss gegen den Veranstalter JSG Raeren-Eynatten ging aufgrund einer Unachtsamkeit knapp mit 0:1 verloren.<br \/>\nDie folgende Spielpause nutzte das Trainerteam um die Mannschaft nochmal an die Grundlagen f\u00fcr erfolgreichen Hallenfu\u00dfball zu erinnern: Wachsamkeit, Willen und Zielstrebigkeit.<\/p>\n<p>Und tats\u00e4chlich war bereits in der Partie gegen die Remisk\u00f6nige von Union Kelmis eine sp\u00fcrbare Verbesserung in der Spielanlage erkennbar. Ein zweimaliger R\u00fcckstand wurde jeweils ausgeglichen. Und zum Ende der Partie w\u00e4re vielleicht sogar ein Sieg verdient gewesen. Das 2:2 stellte nebenbei auch die torreichste Partie des Turnieres dar.<\/p>\n<p>Gegner in der letzten Partie waren die Nachbarn aus Lichtenbusch. Hier zeigten die Schwarz-Gelben eine wirklich solide Leistung und dominierten nahezu \u00fcber die gesamte elfmin\u00fctige Spielzeit. Die Torausbeute kann aufgrund der Vielzahl an Einschussm\u00f6glichkeiten als sehr verbesserungsw\u00fcrdig bezeichnet werden. Aber ein 1:0, erzielt nach einer Unaufmerksamkeit in der Lichtenbuscher Abwehr, bringt eben letztlich auch 3 Punkte.<\/p>\n<p>In der Abschlu\u00dftabelle bedeuteten die erzielten 5 Punkte und 3:3 Tore den 3. Rang f\u00fcr das Hahner Team hinter der SG Roetgen\/Rott und der JSG Raeren-Eynatten.<\/p>\n<p>Das Trainerteam war jedenfalls mit dem gezeigten Lerneffekt und der daraus resultierenden Leistungssteigerung von Spiel-zu-Spiel zufrieden.<\/p>\n<p>&nbsp;<\/p>\n<p><a href=\"http:\/\/galerie.indehahn.de\/FussballJunioren\/2016\/E2-Turnier-Eynatten-9-1-2016\" target=\"_blank\">Fotos<\/a><\/p>\n<div class=\"shariff\" data-title=\"Turnierauftakt f\u00fcr die E2 im Jahre 2016\" data-info-url=\"http:\/\/ct.de\/-2467514\" data-backend-url=\"https:\/\/indehahn.de\/wp-content\/plugins\/shariff-sharing_UNUSED\/backend\/index.php\" data-temp=\"\/tmp\" data-ttl=\"60\" data-service=\"\" data-services='[\"facebook\",\"whatsapp\",\"mail\"]' data-image=\"\" data-url=\"https:\/\/indehahn.de\/?p=8316\" data-lang=\"de\" data-theme=\"color\" data-orientation=\"horizontal\"><\/div>","protected":false},"excerpt":{"rendered":"<p>Das erste Turnier im Jahre 2016 f\u00fchrte unsere E2 ins benachbarte Belgien zum Turnier der JSG Raeren-Eynatten. Ansto\u00df der Auftaktpartie in der Sporthalle Eynatten war schon um 9:00h. Da die Hahner aber erst in&#46;&#46;&#46;<\/p>\n","protected":false},"author":11,"featured_media":8318,"comment_status":"closed","ping_status":"closed","sticky":false,"template":"","format":"image","meta":{"ngg_post_thumbnail":0,"footnotes":""},"categories":[3],"tags":[],"class_list":["post-8316","post","type-post","status-publish","format-image","has-post-thumbnail","hentry","category-fussball-junioren","post_format-post-format-image"],"_links":{"self":[{"href":"https:\/\/indehahn.de\/index.php?rest_route=\/wp\/v2\/posts\/8316","targetHints":{"allow":["GET"]}}],"collection":[{"href":"https:\/\/indehahn.de\/index.php?rest_route=\/wp\/v2\/posts"}],"about":[{"href":"https:\/\/indehahn.de\/index.php?rest_route=\/wp\/v2\/types\/post"}],"author":[{"embeddable":true,"href":"https:\/\/indehahn.de\/index.php?rest_route=\/wp\/v2\/users\/11"}],"replies":[{"embeddable":true,"href":"https:\/\/indehahn.de\/index.php?rest_route=%2Fwp%2Fv2%2Fcomments&post=8316"}],"version-history":[{"count":1,"href":"https:\/\/indehahn.de\/index.php?rest_route=\/wp\/v2\/posts\/8316\/revisions"}],"predecessor-version":[{"id":8317,"href":"https:\/\/indehahn.de\/index.php?rest_route=\/wp\/v2\/posts\/8316\/revisions\/8317"}],"wp:featuredmedia":[{"embeddable":true,"href":"https:\/\/indehahn.de\/index.php?rest_route=\/wp\/v2\/media\/8318"}],"wp:attachment":[{"href":"https:\/\/indehahn.de\/index.php?rest_route=%2Fwp%2Fv2%2Fmedia&parent=8316"}],"wp:term":[{"taxonomy":"category","embeddable":true,"href":"https:\/\/indehahn.de\/index.php?rest_route=%2Fwp%2Fv2%2Fcategories&post=8316"},{"taxonomy":"post_tag","embeddable":true,"href":"https:\/\/indehahn.de\/index.php?rest_route=%2Fwp%2Fv2%2Ftags&post=8316"}],"curies":[{"name":"wp","href":"https:\/\/api.w.org\/{rel}","templated":true}]}}