{"id":843,"date":"2006-03-16T02:00:53","date_gmt":"2006-03-16T02:00:53","guid":{"rendered":"http:\/\/inde-hahn.de\/?p=843"},"modified":"2015-05-16T00:33:31","modified_gmt":"2015-05-15T22:33:31","slug":"erste-festigt-tabellenfuehrung-mit-einem-deutlichen-sieg-gegen-kalterherberg","status":"publish","type":"post","link":"https:\/\/indehahn.de\/?p=843","title":{"rendered":"ERSTE festigt Tabellenf\u00fchrung mit einem deutlichen Sieg gegen Kalterherberg"},"content":{"rendered":"<p>Die bereits mehrfach angesetzte Hinrundenbegegnung gegen den SV Kalterherberg konnte am Donnerstag endlich ausgetragen werden. Die Wetterkapriolen lie\u00dfen alle bisherigen Termine platzen. Die G\u00e4ste aus der Eifel konzentrierten sich auf eine disziplinierte Defensivarbeit und suchten ihr Gl\u00fcck in Kontern. Hahn versuchte mit Tempo dem Gegner die Ordnung zu nehmen, was jedoch nicht sofort gelang. So musste dann eine Standardsituation zur 1:0-F\u00fchrung herhalten. Mirko Braun erzielte damit den Pausenstand.<br \/>\nNach der Pause konnten die Kalterherberger dem Tempo der Gastgeber nicht mehr folgen und so war das Spiel fr\u00fchzeitig entschieden. Dirk Hermanns, Guido Thomas, Stefan Ressel sowie Danni Quadflieg und Mirko Braun je 2 Mal waren die Torsch\u00fctzen auf Hahner Seite. Die G\u00e4ste konnten nur noch den Ehrentreffer erzielen, so dass am Ende ein deutlicher 8:1-Sieg f\u00fcr die Hahner heraussprang.<br \/>\nDie beiden Trainer fassten das Spiel so zusammen: &#8222;Der Sieg war hochverdient, herzlichen Gl\u00fcckwunsch!&#8220; (Klaus Rader &#8211; Trainer Kalterherberg) &#8211; Oliver Heinrichs: &#8222;Wenn man nur das nackte Ergebnis sieht, verkennt man die Leistung von Kalterherberg. Es hat immerhin einige Zeit gedauert, bis das Spiel entschieden war. Dies ist nat\u00fcrlich keine Kritik, denn wir haben das Spiel von Beginn an kontrolliert und auch sicherlich verdient gewonnen, aber es besteht andererseits \u00fcberhaupt kein Anlass dieses Spiel \u00fcberzubewerten.&#8220;<\/p>\n<div class=\"shariff\" data-title=\"ERSTE festigt Tabellenf\u00fchrung mit einem deutlichen Sieg gegen Kalterherberg\" data-info-url=\"http:\/\/ct.de\/-2467514\" data-backend-url=\"https:\/\/indehahn.de\/wp-content\/plugins\/shariff-sharing_UNUSED\/backend\/index.php\" data-temp=\"\/tmp\" data-ttl=\"60\" data-service=\"\" data-services='[\"facebook\",\"whatsapp\",\"mail\"]' data-image=\"\" data-url=\"https:\/\/indehahn.de\/?p=843\" data-lang=\"de\" data-theme=\"color\" data-orientation=\"horizontal\"><\/div>","protected":false},"excerpt":{"rendered":"<p>Die bereits mehrfach angesetzte Hinrundenbegegnung gegen den SV Kalterherberg konnte am Donnerstag endlich ausgetragen werden. Die Wetterkapriolen lie\u00dfen alle bisherigen Termine platzen. Die G\u00e4ste aus der Eifel konzentrierten sich auf eine disziplinierte Defensivarbeit und&#46;&#46;&#46;<\/p>\n","protected":false},"author":2,"featured_media":0,"comment_status":"closed","ping_status":"closed","sticky":false,"template":"","format":"standard","meta":{"ngg_post_thumbnail":0,"footnotes":""},"categories":[11],"tags":[],"class_list":["post-843","post","type-post","status-publish","format-standard","hentry","category-1-mannschaft"],"_links":{"self":[{"href":"https:\/\/indehahn.de\/index.php?rest_route=\/wp\/v2\/posts\/843","targetHints":{"allow":["GET"]}}],"collection":[{"href":"https:\/\/indehahn.de\/index.php?rest_route=\/wp\/v2\/posts"}],"about":[{"href":"https:\/\/indehahn.de\/index.php?rest_route=\/wp\/v2\/types\/post"}],"author":[{"embeddable":true,"href":"https:\/\/indehahn.de\/index.php?rest_route=\/wp\/v2\/users\/2"}],"replies":[{"embeddable":true,"href":"https:\/\/indehahn.de\/index.php?rest_route=%2Fwp%2Fv2%2Fcomments&post=843"}],"version-history":[{"count":2,"href":"https:\/\/indehahn.de\/index.php?rest_route=\/wp\/v2\/posts\/843\/revisions"}],"predecessor-version":[{"id":4123,"href":"https:\/\/indehahn.de\/index.php?rest_route=\/wp\/v2\/posts\/843\/revisions\/4123"}],"wp:attachment":[{"href":"https:\/\/indehahn.de\/index.php?rest_route=%2Fwp%2Fv2%2Fmedia&parent=843"}],"wp:term":[{"taxonomy":"category","embeddable":true,"href":"https:\/\/indehahn.de\/index.php?rest_route=%2Fwp%2Fv2%2Fcategories&post=843"},{"taxonomy":"post_tag","embeddable":true,"href":"https:\/\/indehahn.de\/index.php?rest_route=%2Fwp%2Fv2%2Ftags&post=843"}],"curies":[{"name":"wp","href":"https:\/\/api.w.org\/{rel}","templated":true}]}}