{"id":8655,"date":"2016-03-09T12:27:12","date_gmt":"2016-03-09T11:27:12","guid":{"rendered":"http:\/\/inde-hahn.de\/?p=8655"},"modified":"2016-03-09T12:27:12","modified_gmt":"2016-03-09T11:27:12","slug":"hahner-laeufer-beginnen-saison-auf-sehr-speziellen-strecken","status":"publish","type":"post","link":"https:\/\/indehahn.de\/?p=8655","title":{"rendered":"Hahner L\u00e4ufer beginnen Saison auf sehr speziellen Strecken"},"content":{"rendered":"<p>Am vergangenen Wochenende startete auch unsere Laufabteilung so richtig in die Saison 2016. Gleich bei drei Laufveranstaltungen waren die Hahner am Start und darunter waren zumindest zwei sehr spezielle L\u00e4ufe.<\/p>\n<p>Am Samstag reisten sechs Mitglieder unseres Lauftreffs nach Belgien, wo ein Halbmarathon (21,1 km) auf der Formel-1-Rennstrecke in Spa-Francorchamps gelaufen wurde. Die in Rennfahrer-Kreisen v\u00f6llig zurecht &#8222;Ardennen-Achterbahn&#8220; genannte Strecke war zwar vom Schnee befreit worden, doch das H\u00f6henprofil verlangte unseren Halbmarathonis einiges ab. Entsch\u00e4digt wurden sie daf\u00fcr durch tolle Panorama-Blicke auf die tief verschneiten H\u00f6hen der Ardennen. Mit Abstand schnellste Teilnehmerin aus unseren Reihen war Julia Behrendt, Vorjahres-Siegerin beim 10-km-Kitzenhauslauf, mit einer tollen Zeit von 1:38, die sie immerhin auf Platz 3 der Damenwertung brachte. Mit f\u00fcnf Minuten Abstand folgte ihr Norbert Kindel, der sich wiederum drei Minuten Vorsprung auf Andrea Greven und Manfred Plum erlaufen hatte. Gerade erst von einer l\u00e4ngeren Verletzungspause genesen lie\u00df es Andrea Falke etwas ruhiger angehen &#8211; sie kam nach 1:52 ins Ziel. Leider noch nicht ganz genesen war Andrea Dohr, die wegen einer Erk\u00e4ltung nur zwei von drei Runden absolvierte, am Ende aber den Ausflug in die Ardennen ebenso genossen hatte wie ihre Teamkollegen.<\/p>\n<p>Noch winterlicher als in Spa verlief der Belgenbach Trail am Sonntag, der in Konzen gestartet wurde. Gut 20 cm Schnee, weitere Schneef\u00e4lle w\u00e4hrend des Laufes, Temperaturen knapp unter 0 und in den unteren Teilen der Strecke auch sehr matschige Passagen waren noch nicht genug der Trail-Gemeinheiten. Hinzu kamen Bachquerungen, die bei Wassertemperaturen um 2 Grad mehr als erfrischend wirken und Steilh\u00e4nge, die sich beim 10-km-Lauf auf insgesamt 330 H\u00f6henmeter summierten, was wirklich au\u00dfergew\u00f6hnlich ist. Von den insgesamt 10 angemeldeten Hahner L\u00e4ufern mussten einige kurzfristig wegen Verletzungen oder Krankheiten absagen, aber auch bei diesem Lauf war wieder ein halbes Dutzend Hahner am Start. Mit Claus Uellendall wagte sich einer von ihnen auf die hammerharte 10-km-Strecke und er bew\u00e4ltigte sie mit einer Zeit von 1:02 bravour\u00f6s. Man kann diese Zeit nat\u00fcrlich nicht mit der eines &#8222;normalen&#8220; 10-km-Laufs vergleichen. Auf der Kurzstrecke (6,4 km) tobten sich die anderen Hahner Matsch-Experten aus: Dirk Steinmeier war der Schnellste (39:12) knapp vor seiner besseren H\u00e4lfte Susanne. Es folgten im Dreierpaket mit einer Zeit von 40:07 Angela Tosch, Bianka Uellendall und Klaus Handels. Neben den sechs L\u00e4ufern wurden auch noch f\u00fcnf Hahner Fans an der Strecke gesichtet, die unter anderem daf\u00fcr gesorgt haben, dass wir alle diesen Lauf auf eindrucksvollen Fotos miterleben k\u00f6nnen.<\/p>\n<p>Mit Klaus Deicke und Mattes Olbertz hatte es ebenfalls am Sonntag zwei unserer Lauftreffler in den Selfkant verschlagen. Auf der dortigen flachen und absolut schneefreien Strecke absolvierten beide einen Halbmarathon, allerdings unter sehr unterschiedlichen Vorzeichen. W\u00e4hrend Mattes als Begleitl\u00e4ufer im Einsatz war und es mit einer Zeit von 2:05 gem\u00fctlich angehen lassen konnte, durfte Klaus seinen Beinen freien Lauf lassen, so dass er mit seiner 1:48 deutlich fr\u00fcher im Ziel war &#8211; f\u00fcr ihn so fr\u00fch im Jahr eine hervorragende Zeit.<\/p>\n<p>Auch die Lauf-Events werden in den nun folgenden Wochen wieder deutlich zahlreicher werden. Beim Volkslauf in Eschweiler, dem Eupener Osterlauf und dem Perlenlauf im niederl\u00e4ndischen Brunssum werden auch in diesem Jahr sicher wieder viele unserer Laufsportler dabei sein und schon im April stehen dann f\u00fcr einige von ihnen die Fr\u00fchjahrs-Marathons in D\u00fcsseldorf und Hamburg an. All das werden wir nat\u00fcrlich verfolgen und an dieser Stelle dar\u00fcber berichten.<\/p>\n<hr \/>\n<p><a href=\"http:\/\/galerie.indehahn.de\/Lauftreff\/2016\" target=\"_blank\">FOTOS<\/a><\/p>\n<div class=\"shariff\" data-title=\"Hahner L\u00e4ufer beginnen Saison auf sehr speziellen Strecken\" data-info-url=\"http:\/\/ct.de\/-2467514\" data-backend-url=\"https:\/\/indehahn.de\/wp-content\/plugins\/shariff-sharing_UNUSED\/backend\/index.php\" data-temp=\"\/tmp\" data-ttl=\"60\" data-service=\"\" data-services='[\"facebook\",\"whatsapp\",\"mail\"]' data-image=\"\" data-url=\"https:\/\/indehahn.de\/?p=8655\" data-lang=\"de\" data-theme=\"color\" data-orientation=\"horizontal\"><\/div>","protected":false},"excerpt":{"rendered":"<p>Am vergangenen Wochenende startete auch unsere Laufabteilung so richtig in die Saison 2016. Gleich bei drei Laufveranstaltungen waren die Hahner am Start und darunter waren zumindest zwei sehr spezielle L\u00e4ufe. Am Samstag reisten sechs&#46;&#46;&#46;<\/p>\n","protected":false},"author":2,"featured_media":8656,"comment_status":"closed","ping_status":"closed","sticky":false,"template":"","format":"image","meta":{"ngg_post_thumbnail":0,"footnotes":""},"categories":[14],"tags":[],"class_list":["post-8655","post","type-post","status-publish","format-image","has-post-thumbnail","hentry","category-lauftreff","post_format-post-format-image"],"_links":{"self":[{"href":"https:\/\/indehahn.de\/index.php?rest_route=\/wp\/v2\/posts\/8655","targetHints":{"allow":["GET"]}}],"collection":[{"href":"https:\/\/indehahn.de\/index.php?rest_route=\/wp\/v2\/posts"}],"about":[{"href":"https:\/\/indehahn.de\/index.php?rest_route=\/wp\/v2\/types\/post"}],"author":[{"embeddable":true,"href":"https:\/\/indehahn.de\/index.php?rest_route=\/wp\/v2\/users\/2"}],"replies":[{"embeddable":true,"href":"https:\/\/indehahn.de\/index.php?rest_route=%2Fwp%2Fv2%2Fcomments&post=8655"}],"version-history":[{"count":1,"href":"https:\/\/indehahn.de\/index.php?rest_route=\/wp\/v2\/posts\/8655\/revisions"}],"predecessor-version":[{"id":8657,"href":"https:\/\/indehahn.de\/index.php?rest_route=\/wp\/v2\/posts\/8655\/revisions\/8657"}],"wp:featuredmedia":[{"embeddable":true,"href":"https:\/\/indehahn.de\/index.php?rest_route=\/wp\/v2\/media\/8656"}],"wp:attachment":[{"href":"https:\/\/indehahn.de\/index.php?rest_route=%2Fwp%2Fv2%2Fmedia&parent=8655"}],"wp:term":[{"taxonomy":"category","embeddable":true,"href":"https:\/\/indehahn.de\/index.php?rest_route=%2Fwp%2Fv2%2Fcategories&post=8655"},{"taxonomy":"post_tag","embeddable":true,"href":"https:\/\/indehahn.de\/index.php?rest_route=%2Fwp%2Fv2%2Ftags&post=8655"}],"curies":[{"name":"wp","href":"https:\/\/api.w.org\/{rel}","templated":true}]}}