{"id":8955,"date":"2016-05-29T20:48:41","date_gmt":"2016-05-29T18:48:41","guid":{"rendered":"http:\/\/inde-hahn.de\/?p=8955"},"modified":"2016-05-31T00:10:11","modified_gmt":"2016-05-30T22:10:11","slug":"a-junioren-feiern-ihre-abschiedsparty","status":"publish","type":"post","link":"https:\/\/indehahn.de\/?p=8955","title":{"rendered":"A-Junioren feiern ihre Abschiedsparty"},"content":{"rendered":"<p>Unsere A-Junioren haben am Samstag mit einem Grill-Nachmittag\/Abend am Hahner Sportplatz ihren Abschied aus dem Jugendfu\u00dfball gefeiert. Zusammen mit den Trainern Josef Schaakxs und Hans-Josef G\u00f6bbels und einigen Eltern, die die Mannschaft w\u00e4hrend der vergangenen Saison in der Leistungsliga betreut haben, wurde in (feucht-)fr\u00f6hlicher Runde die Mannschaftskasse aufgel\u00f6st.<\/p>\n<p>Einige Spieler der 97er-Jahrg\u00e4nge werden den beiden Trainern nun in den Seniorenbereich folgen, einige 98er-Jahrg\u00e4nge werden weiterhin bei den A-Junioren spielen.<\/p>\n<p>Besonders bemerkenswert ist, dass vier Spieler der Mannschaft (Timo van Lier, Jakob Pegels, Jonas Hennig und Niko S\u00f6rries) beim FC Inde Hahn von den Bambini bis zur A-Jugend ohne Unterbrechung gespielt haben.<\/p>\n<p>Wir w\u00fcnschen allen Spielern und den Trainern auch f\u00fcr ihre neuen Aufgaben und Projekte viel Gl\u00fcck und noch mehr Spa\u00df!<\/p>\n<hr \/>\n<style type=\"text\/css\">.easingslider-8965 { max-width: 640px; }.easingslider-8965 .easingslider-image { max-height: 461px; max-width: 640px; }.easingslider-8965 .easingslider-fade-in, .easingslider-fade-out { -webkit-animation-duration: 400ms; -moz-animation-duration: 400ms; animation-duration: 400ms; }<\/style><script type=\"text\/javascript\">window.EasingSlider8965 = {\"width\":640,\"height\":461,\"singleItem\":true,\"items\":1,\"itemsDesktop\":false,\"itemsDesktopSmall\":false,\"itemsTablet\":false,\"itemsTabletSmall\":false,\"itemsMobile\":false,\"responsive\":true,\"lazyLoad\":true,\"autoPlay\":4000,\"slideSpeed\":400,\"navigation\":true,\"navigationText\":[\"\",\"\"],\"pagination\":true,\"autoHeight\":false,\"mouseDrag\":false,\"touchDrag\":false,\"addClassActive\":true,\"transitionStyle\":\"fade\"};<\/script><div data-id=\"8965\" class=\"easingslider easingslider-8965 easingslider-container easingslider-aspect-ratio easingslider-arrows-outside easingslider-pagination-inside easingslider-pagination-bottom-center\"><div class=\"easingslider-slide\"><img decoding=\"async\" src=\"https:\/\/indehahn.de\/wp-content\/plugins\/easing-slider\/assets\/images\/placeholder-pixel.png\" data-src=\"https:\/\/indehahn.de\/wp-content\/uploads\/2015\/01\/AbschiedAJuniorenMai2016-1.jpg\" alt=\"\" title=\"\" class=\"easingslider-image easingslider-lazy\" \/><\/div><div class=\"easingslider-slide\"><img decoding=\"async\" src=\"https:\/\/indehahn.de\/wp-content\/plugins\/easing-slider\/assets\/images\/placeholder-pixel.png\" data-src=\"https:\/\/indehahn.de\/wp-content\/uploads\/2015\/01\/AbschiedAJuniorenMai2016-2.jpg\" alt=\"\" title=\"\" class=\"easingslider-image easingslider-lazy\" \/><\/div><div class=\"easingslider-slide\"><img decoding=\"async\" src=\"https:\/\/indehahn.de\/wp-content\/plugins\/easing-slider\/assets\/images\/placeholder-pixel.png\" data-src=\"https:\/\/indehahn.de\/wp-content\/uploads\/2015\/01\/AbschiedAJuniorenMai2016-3.jpg\" alt=\"\" title=\"\" class=\"easingslider-image easingslider-lazy\" \/><\/div><div class=\"easingslider-slide\"><img decoding=\"async\" src=\"https:\/\/indehahn.de\/wp-content\/plugins\/easing-slider\/assets\/images\/placeholder-pixel.png\" data-src=\"https:\/\/indehahn.de\/wp-content\/uploads\/2016\/05\/AbschiedAJuniorenMai2016-4.jpg\" alt=\"\" title=\"\" class=\"easingslider-image easingslider-lazy\" \/><\/div><\/div>\n<div class=\"shariff\" data-title=\"A-Junioren feiern ihre Abschiedsparty\" data-info-url=\"http:\/\/ct.de\/-2467514\" data-backend-url=\"https:\/\/indehahn.de\/wp-content\/plugins\/shariff-sharing_UNUSED\/backend\/index.php\" data-temp=\"\/tmp\" data-ttl=\"60\" data-service=\"\" data-services='[\"facebook\",\"whatsapp\",\"mail\"]' data-image=\"\" data-url=\"https:\/\/indehahn.de\/?p=8955\" data-lang=\"de\" data-theme=\"color\" data-orientation=\"horizontal\"><\/div>","protected":false},"excerpt":{"rendered":"<p>Unsere A-Junioren haben am Samstag mit einem Grill-Nachmittag\/Abend am Hahner Sportplatz ihren Abschied aus dem Jugendfu\u00dfball gefeiert. Zusammen mit den Trainern Josef Schaakxs und Hans-Josef G\u00f6bbels und einigen Eltern, die die Mannschaft w\u00e4hrend der&#46;&#46;&#46;<\/p>\n","protected":false},"author":2,"featured_media":8959,"comment_status":"closed","ping_status":"closed","sticky":false,"template":"","format":"image","meta":{"ngg_post_thumbnail":0,"footnotes":""},"categories":[3],"tags":[],"class_list":["post-8955","post","type-post","status-publish","format-image","has-post-thumbnail","hentry","category-fussball-junioren","post_format-post-format-image"],"_links":{"self":[{"href":"https:\/\/indehahn.de\/index.php?rest_route=\/wp\/v2\/posts\/8955","targetHints":{"allow":["GET"]}}],"collection":[{"href":"https:\/\/indehahn.de\/index.php?rest_route=\/wp\/v2\/posts"}],"about":[{"href":"https:\/\/indehahn.de\/index.php?rest_route=\/wp\/v2\/types\/post"}],"author":[{"embeddable":true,"href":"https:\/\/indehahn.de\/index.php?rest_route=\/wp\/v2\/users\/2"}],"replies":[{"embeddable":true,"href":"https:\/\/indehahn.de\/index.php?rest_route=%2Fwp%2Fv2%2Fcomments&post=8955"}],"version-history":[{"count":5,"href":"https:\/\/indehahn.de\/index.php?rest_route=\/wp\/v2\/posts\/8955\/revisions"}],"predecessor-version":[{"id":8968,"href":"https:\/\/indehahn.de\/index.php?rest_route=\/wp\/v2\/posts\/8955\/revisions\/8968"}],"wp:featuredmedia":[{"embeddable":true,"href":"https:\/\/indehahn.de\/index.php?rest_route=\/wp\/v2\/media\/8959"}],"wp:attachment":[{"href":"https:\/\/indehahn.de\/index.php?rest_route=%2Fwp%2Fv2%2Fmedia&parent=8955"}],"wp:term":[{"taxonomy":"category","embeddable":true,"href":"https:\/\/indehahn.de\/index.php?rest_route=%2Fwp%2Fv2%2Fcategories&post=8955"},{"taxonomy":"post_tag","embeddable":true,"href":"https:\/\/indehahn.de\/index.php?rest_route=%2Fwp%2Fv2%2Ftags&post=8955"}],"curies":[{"name":"wp","href":"https:\/\/api.w.org\/{rel}","templated":true}]}}