{"id":9048,"date":"2016-06-16T17:47:33","date_gmt":"2016-06-16T15:47:33","guid":{"rendered":"http:\/\/inde-hahn.de\/?p=9048"},"modified":"2016-06-16T17:47:33","modified_gmt":"2016-06-16T15:47:33","slug":"erste-startet-am-10-juli-in-die-vorbereitung-auf-die-5-liga","status":"publish","type":"post","link":"https:\/\/indehahn.de\/?p=9048","title":{"rendered":"Erste startet am 10. Juli in die Vorbereitung auf die 5. Liga"},"content":{"rendered":"<p>Vor zwei Tagen ist die offizielle Staffeleinteilung f\u00fcr die Mittelrheinliga (5. Liga) durch den Verband bekanntgemacht worden. Gro\u00dfe \u00dcberraschungen waren nicht dabei, denn im Gegensatz zu den bisherigen Jahren, in denen der FC Inde Hahn auf Verbandsgebiet des FVM fu\u00dfballerisch unterwegs war, steht allein durch Auf- und Abstiege die Zusammensetzung der 5. Liga fest. Durch die regionale Aufteilung im Verbandsgebiet war das in den Jahren zuvor nicht der Fall.<\/p>\n<p>In der kommenden Saison trifft der FC Inde Hahn nun auf so klangvolle Namen wie SV Bergisch Gladbach 09, Borussia Freialdenhoven, FC Hennef 05 oder TSC Euskirchen. Auf der gegnerischen Trainerbank werden Ex-Profis wie Alexander Voigt (TV Herkenrath 09), Thomas Zdebel (Bergisch Gladbach) und nicht zuletzt &#8222;Fu\u00dfballgott&#8220; J\u00fcrgen Kohler (VfL Alfter), der in seiner aktiven Zeit als Fu\u00dfballer Weltmeister, Champions-League-Sieger und mehrfach Deutscher Meister wurde, ihren Teams Anweisungen geben. Auf der Hahner Trainerbank wird dann erneut Oliver Heinrichs sitzen &#8211; er geht in seine 16. Saison als verantwortlicher Chef-Coach. Er wird von Masa Endo (Soccerlife) und G\u00f6khan Batmaz, dessen Erfahrung als Spieler er nicht missen m\u00f6chte, unterst\u00fctzt.<\/p>\n<p>&#8222;Wir stehen als Mannschaft, als Gesamtverein und nicht zuletzt als Fu\u00dfballregion vor einer gro\u00dfen Aufgabe. Die Zusammensetzung der 5. Liga ist eine klare Ansage und wir verstehen sie als gro\u00dfe Aufgabe, m\u00f6chten uns dieser mit Gewissenhaftigkeit, Konzentration und auch Demut stellen.&#8220;<\/p>\n<p>Die Vorbereitungen, die hinter den Kulissen vorangetrieben werden, wurden auf mehrere Schultern verteilt und man liegt derzeit sehr gut im Plan. Die sportlichen Vorbereitungen beginnen am 10. Juli mit den \u00fcblichen organisatorischen Dingen, ehe dann auf dem Platz an den Dingen gefeilt wird, die man in der kommenden Saison umsetzen m\u00f6chte.<\/p>\n<p>Am 16. Juli feiert der FC Inde Hahn seinen 70-j\u00e4hrigen Geburtstag. Zu diesem Anlass stellt sich der ebenfalls in der 5. Liga spielende Regionalliga-Absteiger FC Wegberg-Beeck am Kitzenhausweg vor. Das Spiel beginnt um 15:30 Uhr. Eine Woche sp\u00e4ter geht die Mannschaft samt Trainer- und Betreuerstab ins Trainingslager in der Sportschule Duisburg-Wedau, um neben den rein sportlichen Aufgaben auch die wichtigen Integrationsprozesse innerhalb der Mannschaft voranzutreiben.<\/p>\n<p>Abg\u00e4nge: Wojtek Walica (berufsbedingte Ver\u00e4nderung), Hiroki Ogiso (zur\u00fcck nach Japan), Michael Gr\u00fcmmer, Philipp Dunkel (beide FC Roetgen), Mergim Statovci (SV Breinig), Florent Sadiku, Joichiro Sugiyama, Mbala Biamuina (alle unbekannt)<\/p>\n<p>Zug\u00e4nge: Lucas Domg\u00f6rgen (SV Breinig), Roy Flekken, Nils H\u00fchne, Yannik B\u00f6hr, Tim Gerhards (alle Alemannia Aachen), Alfredo Miyu Kokuryo, Gaku Yaneshita, Taiki Okuno (alle Japan), Marc Kuropka (VfR W\u00fcrselen)<\/p>\n<div class=\"shariff\" data-title=\"Erste startet am 10. Juli in die Vorbereitung auf die 5. Liga\" data-info-url=\"http:\/\/ct.de\/-2467514\" data-backend-url=\"https:\/\/indehahn.de\/wp-content\/plugins\/shariff-sharing_UNUSED\/backend\/index.php\" data-temp=\"\/tmp\" data-ttl=\"60\" data-service=\"\" data-services='[\"facebook\",\"whatsapp\",\"mail\"]' data-image=\"\" data-url=\"https:\/\/indehahn.de\/?p=9048\" data-lang=\"de\" data-theme=\"color\" data-orientation=\"horizontal\"><\/div>","protected":false},"excerpt":{"rendered":"<p>Vor zwei Tagen ist die offizielle Staffeleinteilung f\u00fcr die Mittelrheinliga (5. Liga) durch den Verband bekanntgemacht worden. Gro\u00dfe \u00dcberraschungen waren nicht dabei, denn im Gegensatz zu den bisherigen Jahren, in denen der FC Inde&#46;&#46;&#46;<\/p>\n","protected":false},"author":2,"featured_media":7665,"comment_status":"closed","ping_status":"closed","sticky":false,"template":"","format":"image","meta":{"ngg_post_thumbnail":0,"footnotes":""},"categories":[11],"tags":[],"class_list":["post-9048","post","type-post","status-publish","format-image","has-post-thumbnail","hentry","category-1-mannschaft","post_format-post-format-image"],"_links":{"self":[{"href":"https:\/\/indehahn.de\/index.php?rest_route=\/wp\/v2\/posts\/9048","targetHints":{"allow":["GET"]}}],"collection":[{"href":"https:\/\/indehahn.de\/index.php?rest_route=\/wp\/v2\/posts"}],"about":[{"href":"https:\/\/indehahn.de\/index.php?rest_route=\/wp\/v2\/types\/post"}],"author":[{"embeddable":true,"href":"https:\/\/indehahn.de\/index.php?rest_route=\/wp\/v2\/users\/2"}],"replies":[{"embeddable":true,"href":"https:\/\/indehahn.de\/index.php?rest_route=%2Fwp%2Fv2%2Fcomments&post=9048"}],"version-history":[{"count":1,"href":"https:\/\/indehahn.de\/index.php?rest_route=\/wp\/v2\/posts\/9048\/revisions"}],"predecessor-version":[{"id":9049,"href":"https:\/\/indehahn.de\/index.php?rest_route=\/wp\/v2\/posts\/9048\/revisions\/9049"}],"wp:featuredmedia":[{"embeddable":true,"href":"https:\/\/indehahn.de\/index.php?rest_route=\/wp\/v2\/media\/7665"}],"wp:attachment":[{"href":"https:\/\/indehahn.de\/index.php?rest_route=%2Fwp%2Fv2%2Fmedia&parent=9048"}],"wp:term":[{"taxonomy":"category","embeddable":true,"href":"https:\/\/indehahn.de\/index.php?rest_route=%2Fwp%2Fv2%2Fcategories&post=9048"},{"taxonomy":"post_tag","embeddable":true,"href":"https:\/\/indehahn.de\/index.php?rest_route=%2Fwp%2Fv2%2Ftags&post=9048"}],"curies":[{"name":"wp","href":"https:\/\/api.w.org\/{rel}","templated":true}]}}