{"id":9084,"date":"2016-06-29T21:34:58","date_gmt":"2016-06-29T19:34:58","guid":{"rendered":"http:\/\/inde-hahn.de\/?p=9084"},"modified":"2016-07-03T22:26:41","modified_gmt":"2016-07-03T20:26:41","slug":"wanted-juniorenspieler-der-jahrgaenge-1998-2001","status":"publish","type":"post","link":"https:\/\/indehahn.de\/?p=9084","title":{"rendered":"WANTED: Juniorenspieler der Jahrg\u00e4nge  1998 \u2013 2001"},"content":{"rendered":"<p>Wir, der FC Inde Hahn suchen f\u00fcr die kommende Saison 2016\/17 noch weitere Spieler als Verst\u00e4rkung f\u00fcr unsere A- und B-Junioren.<\/p>\n<p>Gemeinsam wollen wir etwas erreichen. Dazu bietet der FC Inde Hahn neben dem Mannschaftstrainings diverse Zusatztrainings und eine enge Bindung an die Senioren, die ab der neuen Saison in der 5. Liga spielen und das zweith\u00f6chste Team in der Region stellen. Durch Einsatz von Spielern der 1. Mannschaft im geregelten Trainingsprozess wird die sportliche Ausbildung weiter verbessert \u2013 doch der Spa\u00df und die Geselligkeit d\u00fcrfen bei allem sportlichen Ehrgeiz bei uns nicht zu kurz kommen.<\/p>\n<p>Du kommst in eines von zwei Teams, die teilweise schon lange zusammen spielen, aber sich auch auf neue Impulse von au\u00dfen freuen und Dich gerne aufnehmen werden. Zwei neue und motivierte Trainerteams werden Dich \u00fcber die Saison f\u00fchren und mit Dir und den Teams die Qualifikationen zur Leistungsliga spielen.<\/p>\n<p>Bei Interesse melde Dich beim Ressortleiter Nachwuchs-Fu\u00dfball Udo Kindel (<a href=\"mailto:udo.kindel@indehahn.de\">udo.kindel@indehahn.de<\/a> \u2013 0171-7543018) oder dem Nachwuchskoordinator Manfred Pomp (<a href=\"mailto:manfred.pomp@indehahn.de\">manfred.pomp@indehahn.de<\/a> \u2013 0172-6027408)<\/p>\n<div class=\"shariff\" data-title=\"WANTED: Juniorenspieler der Jahrg\u00e4nge  1998 \u2013 2001\" data-info-url=\"http:\/\/ct.de\/-2467514\" data-backend-url=\"https:\/\/indehahn.de\/wp-content\/plugins\/shariff-sharing_UNUSED\/backend\/index.php\" data-temp=\"\/tmp\" data-ttl=\"60\" data-service=\"\" data-services='[\"facebook\",\"whatsapp\",\"mail\"]' data-image=\"\" data-url=\"https:\/\/indehahn.de\/?p=9084\" data-lang=\"de\" data-theme=\"color\" data-orientation=\"horizontal\"><\/div>","protected":false},"excerpt":{"rendered":"<p>Wir, der FC Inde Hahn suchen f\u00fcr die kommende Saison 2016\/17 noch weitere Spieler als Verst\u00e4rkung f\u00fcr unsere A- und B-Junioren. Gemeinsam wollen wir etwas erreichen. Dazu bietet der FC Inde Hahn neben dem&#46;&#46;&#46;<\/p>\n","protected":false},"author":6,"featured_media":9085,"comment_status":"closed","ping_status":"closed","sticky":false,"template":"","format":"image","meta":{"ngg_post_thumbnail":0,"footnotes":""},"categories":[3],"tags":[],"class_list":["post-9084","post","type-post","status-publish","format-image","has-post-thumbnail","hentry","category-fussball-junioren","post_format-post-format-image"],"_links":{"self":[{"href":"https:\/\/indehahn.de\/index.php?rest_route=\/wp\/v2\/posts\/9084","targetHints":{"allow":["GET"]}}],"collection":[{"href":"https:\/\/indehahn.de\/index.php?rest_route=\/wp\/v2\/posts"}],"about":[{"href":"https:\/\/indehahn.de\/index.php?rest_route=\/wp\/v2\/types\/post"}],"author":[{"embeddable":true,"href":"https:\/\/indehahn.de\/index.php?rest_route=\/wp\/v2\/users\/6"}],"replies":[{"embeddable":true,"href":"https:\/\/indehahn.de\/index.php?rest_route=%2Fwp%2Fv2%2Fcomments&post=9084"}],"version-history":[{"count":1,"href":"https:\/\/indehahn.de\/index.php?rest_route=\/wp\/v2\/posts\/9084\/revisions"}],"predecessor-version":[{"id":9086,"href":"https:\/\/indehahn.de\/index.php?rest_route=\/wp\/v2\/posts\/9084\/revisions\/9086"}],"wp:featuredmedia":[{"embeddable":true,"href":"https:\/\/indehahn.de\/index.php?rest_route=\/wp\/v2\/media\/9085"}],"wp:attachment":[{"href":"https:\/\/indehahn.de\/index.php?rest_route=%2Fwp%2Fv2%2Fmedia&parent=9084"}],"wp:term":[{"taxonomy":"category","embeddable":true,"href":"https:\/\/indehahn.de\/index.php?rest_route=%2Fwp%2Fv2%2Fcategories&post=9084"},{"taxonomy":"post_tag","embeddable":true,"href":"https:\/\/indehahn.de\/index.php?rest_route=%2Fwp%2Fv2%2Ftags&post=9084"}],"curies":[{"name":"wp","href":"https:\/\/api.w.org\/{rel}","templated":true}]}}